{"id":16251,"date":"2021-10-11T08:16:27","date_gmt":"2021-10-11T11:16:27","guid":{"rendered":"http:\/\/4cantosalagoas.com.br\/portal\/?p=16251"},"modified":"2021-10-11T08:16:31","modified_gmt":"2021-10-11T11:16:31","slug":"pesquisa-do-procon-maceio-registra-aumento-de-8-nos-precos-de-alimentos","status":"publish","type":"post","link":"https:\/\/4cantosalagoas.com.br\/portal\/pesquisa-do-procon-maceio-registra-aumento-de-8-nos-precos-de-alimentos\/","title":{"rendered":"Pesquisa do Procon Macei\u00f3 registra aumento de 8% nos pre\u00e7os de alimentos"},"content":{"rendered":"\n<figure class=\"wp-block-image\"><img fetchpriority=\"high\" decoding=\"async\" width=\"865\" height=\"778\" src=\"http:\/\/4cantosalagoas.com.br\/portal\/wp-content\/uploads\/2021\/10\/PESQUISA-CESTA-BASICA-1.jpeg\" alt=\"\" class=\"wp-image-16252\" srcset=\"https:\/\/4cantosalagoas.com.br\/portal\/wp-content\/uploads\/2021\/10\/PESQUISA-CESTA-BASICA-1.jpeg 865w, https:\/\/4cantosalagoas.com.br\/portal\/wp-content\/uploads\/2021\/10\/PESQUISA-CESTA-BASICA-1-300x270.jpeg 300w, https:\/\/4cantosalagoas.com.br\/portal\/wp-content\/uploads\/2021\/10\/PESQUISA-CESTA-BASICA-1-768x691.jpeg 768w\" sizes=\"(max-width: 865px) 100vw, 865px\" \/><figcaption> <br><strong><em>Fotos: Secom Macei\u00f3 e Ascom Procon Macei\u00f3<\/em><\/strong> <\/figcaption><\/figure>\n\n\n\n<p>O Procon Macei\u00f3, \u00f3rg\u00e3o de defesa do consumidor, realizou pesquisas de pre\u00e7os dos produtos da cesta b\u00e1sica durante o m\u00eas de setembro e outubro. Foram pesquisados 13 produtos em seis estabelecimentos localizados na capital. O levantamento constatou que o pre\u00e7o dos produtos aliment\u00edcios sofreu um aumento de 8%, com o pre\u00e7o final de R$ 50,17 em agosto para R$ 54,38 neste m\u00eas. Confira aqui o<a rel=\"noreferrer noopener\" href=\"http:\/\/www.maceio.al.gov.br\/wp-content\/uploads\/2021\/10\/pdf\/2021\/10\/Cesta-basica-outubro.pdf\" target=\"_blank\">&nbsp;resultado da pesquisa<\/a>.<\/p>\n\n\n\n<p>A lista mostra que, dos 13 itens pesquisados, nove produtos apresentaram um aumento de pre\u00e7o em rela\u00e7\u00e3o ao m\u00eas anterior. S\u00e3o eles: arroz, farinha de mandioca, caf\u00e9 em p\u00f3, bolacha \u00e1gua e sal, margarina, manteiga, leite em p\u00f3 e a\u00e7\u00facar. Entre esses valores, os tr\u00eas itens que mais chamaram aten\u00e7\u00e3o foram o leite em p\u00f3 que em compara\u00e7\u00e3o com setembro teve um aumento de 18,53%, seguido do a\u00e7\u00facar 16,72% e a farinha de mandioca 13,89%.<\/p>\n\n\n\n<p>Para o diretor-executivo do Procon Macei\u00f3, Leandro Almeida, al\u00e9m de pesquisar os pre\u00e7os, o \u00f3rg\u00e3o tem mantido a pol\u00edtica de fiscaliza\u00e7\u00e3o.<\/p>\n\n\n\n<p>\u201cRealizamos as pesquisas todos os meses e tamb\u00e9m \u00e9 importante refor\u00e7ar que o Procon Macei\u00f3 continua fiscalizando a partir de den\u00fancias feitas pelos consumidores. \u00c9 sempre importante que o consumidor realize a pesquisa de pre\u00e7os dos produtos antes da compra para obter mais economia e evitar gastos excessivos que possam comprometer a renda mensal\u201d, justifica Leandro Almeida.<\/p>\n\n\n\n<p><strong>Atendimentos<\/strong><\/p>\n\n\n\n<p>Para realizar den\u00fancias ou obter mais informa\u00e7\u00f5es e orienta\u00e7\u00f5es, o consumidor pode entrar em contato pelos telefones 0800 082 4567 ou no WhatsApp (82) 98882-8326.<\/p>\n\n\n\n<p>Para quem prefere atendimento de forma presencial, pode se dirigir em qualquer uma das unidades do Procon Macei\u00f3: no Centro Universit\u00e1rio Uninassau, no bairro Farol; na sede da antiga FAT, atual Centro Universit\u00e1rio M\u00e1rio Pontes Juc\u00e1 (UMJ), no Barro Duro; e na sede do Procon Macei\u00f3, na Rua Dr. Pedro Monteiro, 47, no Centro de Macei\u00f3.<\/p>\n\n\n\n<p>O hor\u00e1rio de funcionamento na sede do Procon Macei\u00f3 \u00e9 de 8h \u00e0s 14h, de segunda a sexta-feira. J\u00e1 os n\u00facleos da UMJ e Uninassau est\u00e3o abertos ao p\u00fablico das 8h \u00e0s 13h, de segunda a sexta-feira. Para formalizar as den\u00fancias, \u00e9 necess\u00e1rio entregar as c\u00f3pias do RG, CPF, comprovante de resid\u00eancia e demais documentos que forem necess\u00e1rios para embasar as reclama\u00e7\u00f5es de abuso aos direitos do consumidor.<br><br>Nicolle Salazar (estagi\u00e1ria) \/ Ascom Procon Macei\u00f3<\/p>\n","protected":false},"excerpt":{"rendered":"<p>O Procon Macei\u00f3, \u00f3rg\u00e3o de defesa do consumidor, realizou pesquisas de pre\u00e7os dos produtos da cesta b\u00e1sica<\/p>\n","protected":false},"author":1,"featured_media":16252,"comment_status":"open","ping_status":"open","sticky":false,"template":"","format":"standard","meta":{"footnotes":""},"categories":[60],"tags":[],"class_list":["post-16251","post","type-post","status-publish","format-standard","has-post-thumbnail","hentry","category-capa"],"_links":{"self":[{"href":"https:\/\/4cantosalagoas.com.br\/portal\/wp-json\/wp\/v2\/posts\/16251","targetHints":{"allow":["GET"]}}],"collection":[{"href":"https:\/\/4cantosalagoas.com.br\/portal\/wp-json\/wp\/v2\/posts"}],"about":[{"href":"https:\/\/4cantosalagoas.com.br\/portal\/wp-json\/wp\/v2\/types\/post"}],"author":[{"embeddable":true,"href":"https:\/\/4cantosalagoas.com.br\/portal\/wp-json\/wp\/v2\/users\/1"}],"replies":[{"embeddable":true,"href":"https:\/\/4cantosalagoas.com.br\/portal\/wp-json\/wp\/v2\/comments?post=16251"}],"version-history":[{"count":1,"href":"https:\/\/4cantosalagoas.com.br\/portal\/wp-json\/wp\/v2\/posts\/16251\/revisions"}],"predecessor-version":[{"id":16253,"href":"https:\/\/4cantosalagoas.com.br\/portal\/wp-json\/wp\/v2\/posts\/16251\/revisions\/16253"}],"wp:featuredmedia":[{"embeddable":true,"href":"https:\/\/4cantosalagoas.com.br\/portal\/wp-json\/wp\/v2\/media\/16252"}],"wp:attachment":[{"href":"https:\/\/4cantosalagoas.com.br\/portal\/wp-json\/wp\/v2\/media?parent=16251"}],"wp:term":[{"taxonomy":"category","embeddable":true,"href":"https:\/\/4cantosalagoas.com.br\/portal\/wp-json\/wp\/v2\/categories?post=16251"},{"taxonomy":"post_tag","embeddable":true,"href":"https:\/\/4cantosalagoas.com.br\/portal\/wp-json\/wp\/v2\/tags?post=16251"}],"curies":[{"name":"wp","href":"https:\/\/api.w.org\/{rel}","templated":true}]}}