{"id":16249,"date":"2021-10-08T18:31:28","date_gmt":"2021-10-08T21:31:28","guid":{"rendered":"http:\/\/4cantosalagoas.com.br\/portal\/?p=16249"},"modified":"2021-10-08T18:31:32","modified_gmt":"2021-10-08T21:31:32","slug":"comercio-abre-no-dia-de-nossa-senhora-aparecida","status":"publish","type":"post","link":"https:\/\/4cantosalagoas.com.br\/portal\/comercio-abre-no-dia-de-nossa-senhora-aparecida\/","title":{"rendered":"Com\u00e9rcio abre no Dia de Nossa Senhora Aparecida"},"content":{"rendered":"\n<figure class=\"wp-block-image\"><img fetchpriority=\"high\" decoding=\"async\" width=\"600\" height=\"450\" src=\"http:\/\/4cantosalagoas.com.br\/portal\/wp-content\/uploads\/2018\/05\/serr4.jpg\" alt=\"\" class=\"wp-image-3363\" srcset=\"https:\/\/4cantosalagoas.com.br\/portal\/wp-content\/uploads\/2018\/05\/serr4.jpg 600w, https:\/\/4cantosalagoas.com.br\/portal\/wp-content\/uploads\/2018\/05\/serr4-300x225.jpg 300w, https:\/\/4cantosalagoas.com.br\/portal\/wp-content\/uploads\/2018\/05\/serr4-375x281.jpg 375w, https:\/\/4cantosalagoas.com.br\/portal\/wp-content\/uploads\/2018\/05\/serr4-465x349.jpg 465w\" sizes=\"(max-width: 600px) 100vw, 600px\" \/><figcaption>Fecom\u00e9rcio AL (@FecomercioAL) | Twitter<\/figcaption><\/figure>\n\n\n\n<p>A pr\u00f3xima ter\u00e7a-feira, dia 12 de outubro, \u00e9 uma data marcante, pois celebra o Dia de Nossa Senhora Aparecida e o Dia das Crian\u00e7as. E com uma perspectiva de movimentar R$ 24 milh\u00f5es na economia da capital, segundo pesquisa do Instituto Fecom\u00e9rcio AL, \u00e9 natural que o Com\u00e9rcio se prepare para abrir na data, ampliando as possibilidades de vendas, como informa a Federa\u00e7\u00e3o do Com\u00e9rcio de Bens, Servi\u00e7os e Turismo do Estado de Alagoas (Fecom\u00e9rcio AL).<\/p>\n\n\n\n<p>As lojas do Centro abrem em hor\u00e1rio diferenciado, das 8h \u00e0s 14h, de acordo com a Alian\u00e7a Comercial. J\u00e1 os shoppings permanecem com o hor\u00e1rio normal.<\/p>\n\n\n\n<p>O Parque Shopping funciona das 10h \u00e0s 22h e, a partir das 15h, promove a Parada Dia das Crian\u00e7as com banda, pernas de pau, bailarinas, malabares e entrega de guloseimas.<\/p>\n\n\n\n<p>O Macei\u00f3 Shopping abre com as lojas \u00e2ncoras a partir de 09h e, lojas sat\u00e9lites e pra\u00e7as de alimenta\u00e7\u00e3o, \u00e0s 10h, funcionando at\u00e9 \u00e0s 22h. O estabelecimento tamb\u00e9m ter\u00e1 uma programa\u00e7\u00e3o para o p\u00fablico infantil, como a Turma da M\u00f4nica, oficina de&nbsp;<em>slime<\/em>, feira de livros e outras atra\u00e7\u00f5es.<\/p>\n\n\n\n<p>O P\u00e1tio Shopping Macei\u00f3 tamb\u00e9m abre das 10h \u00e0s 22h. Para a crian\u00e7ada, os corredores do estabelecimento entraram em clima do universo dos her\u00f3is, filmes e hist\u00f3rias em quadrinhos.<\/p>\n\n\n\n<p>Assim como os shoppings, os supermercados atendem em hor\u00e1rio habitual. O Atacad\u00e3o abre das 7h \u00e0s 22h e o Unicompra segue sem altera\u00e7\u00e3o, assim como as lojas do Palato, com a unidade Farol e a unidade Praia das 7h \u00e0s 22h; a unidade Parque, das 7h \u00e0s 20h; e a unidade Ponta Verde funcionando 24 horas.<\/p>\n\n\n\n<p><strong>Interior<\/strong><\/p>\n\n\n\n<p>Os Sindicatos do Com\u00e9rcio Varejista (Sindilojas) filiados \u00e0 Fecom\u00e9rcio informam o funcionamento dos estabelecimentos de seus respectivos munic\u00edpios. Em Palmeira dos \u00cdndios e em Arapiraca, as lojas do Com\u00e9rcio funcionam a crit\u00e9rio do empres\u00e1rio que desejar abrir, desde que observada a legisla\u00e7\u00e3o trabalhista.<\/p>\n\n\n\n<p>J\u00e1 em Uni\u00e3o dos Palmares h\u00e1 previs\u00e3o de funcionamento normal do com\u00e9rcio no dia 12, mas fecha na quarta-feira (13). Em Penedo, o com\u00e9rcio n\u00e3o abre no Dia de Nossa Senhora Aparecida, conforme acordo firmado com o Sindicato dos Comerci\u00e1rios, a Prefeitura Municipal, a CDL e a Diocese do munic\u00edpio.<\/p>\n\n\n\n<p>Assessoria<\/p>\n","protected":false},"excerpt":{"rendered":"<p>A pr\u00f3xima ter\u00e7a-feira, dia 12 de outubro, \u00e9 uma data marcante, pois celebra o Dia de Nossa<\/p>\n","protected":false},"author":1,"featured_media":3363,"comment_status":"open","ping_status":"open","sticky":false,"template":"","format":"standard","meta":{"footnotes":""},"categories":[60],"tags":[],"class_list":["post-16249","post","type-post","status-publish","format-standard","has-post-thumbnail","hentry","category-capa"],"_links":{"self":[{"href":"https:\/\/4cantosalagoas.com.br\/portal\/wp-json\/wp\/v2\/posts\/16249","targetHints":{"allow":["GET"]}}],"collection":[{"href":"https:\/\/4cantosalagoas.com.br\/portal\/wp-json\/wp\/v2\/posts"}],"about":[{"href":"https:\/\/4cantosalagoas.com.br\/portal\/wp-json\/wp\/v2\/types\/post"}],"author":[{"embeddable":true,"href":"https:\/\/4cantosalagoas.com.br\/portal\/wp-json\/wp\/v2\/users\/1"}],"replies":[{"embeddable":true,"href":"https:\/\/4cantosalagoas.com.br\/portal\/wp-json\/wp\/v2\/comments?post=16249"}],"version-history":[{"count":1,"href":"https:\/\/4cantosalagoas.com.br\/portal\/wp-json\/wp\/v2\/posts\/16249\/revisions"}],"predecessor-version":[{"id":16250,"href":"https:\/\/4cantosalagoas.com.br\/portal\/wp-json\/wp\/v2\/posts\/16249\/revisions\/16250"}],"wp:featuredmedia":[{"embeddable":true,"href":"https:\/\/4cantosalagoas.com.br\/portal\/wp-json\/wp\/v2\/media\/3363"}],"wp:attachment":[{"href":"https:\/\/4cantosalagoas.com.br\/portal\/wp-json\/wp\/v2\/media?parent=16249"}],"wp:term":[{"taxonomy":"category","embeddable":true,"href":"https:\/\/4cantosalagoas.com.br\/portal\/wp-json\/wp\/v2\/categories?post=16249"},{"taxonomy":"post_tag","embeddable":true,"href":"https:\/\/4cantosalagoas.com.br\/portal\/wp-json\/wp\/v2\/tags?post=16249"}],"curies":[{"name":"wp","href":"https:\/\/api.w.org\/{rel}","templated":true}]}}