{"id":16237,"date":"2021-10-08T09:50:40","date_gmt":"2021-10-08T12:50:40","guid":{"rendered":"http:\/\/4cantosalagoas.com.br\/portal\/?p=16237"},"modified":"2021-10-08T09:50:46","modified_gmt":"2021-10-08T12:50:46","slug":"judiciario-suspende-atividades-na-segunda-11-e-na-terca-12","status":"publish","type":"post","link":"https:\/\/4cantosalagoas.com.br\/portal\/judiciario-suspende-atividades-na-segunda-11-e-na-terca-12\/","title":{"rendered":"Judici\u00e1rio suspende atividades na segunda (11) e na ter\u00e7a (12)"},"content":{"rendered":"\n<figure class=\"wp-block-image\"><img fetchpriority=\"high\" decoding=\"async\" width=\"800\" height=\"533\" src=\"http:\/\/4cantosalagoas.com.br\/portal\/wp-content\/uploads\/2021\/10\/0949452c2000436c7089baa234eacdda.jpg\" alt=\"\" class=\"wp-image-16238\" srcset=\"https:\/\/4cantosalagoas.com.br\/portal\/wp-content\/uploads\/2021\/10\/0949452c2000436c7089baa234eacdda.jpg 800w, https:\/\/4cantosalagoas.com.br\/portal\/wp-content\/uploads\/2021\/10\/0949452c2000436c7089baa234eacdda-300x200.jpg 300w, https:\/\/4cantosalagoas.com.br\/portal\/wp-content\/uploads\/2021\/10\/0949452c2000436c7089baa234eacdda-768x512.jpg 768w\" sizes=\"(max-width: 800px) 100vw, 800px\" \/><figcaption> <br>Sede do Tribunal de Justi\u00e7a de Alagoas. Foto: Itawi Albuquerque. <\/figcaption><\/figure>\n\n\n\n<p>O Tribunal de Justi\u00e7a de Alagoas (TJAL) suspender\u00e1 as atividades, atos e prazos processuais na segunda (11) e na ter\u00e7a (12), feriado de Nossa Senhora Aparecida. O expediente ser\u00e1 retomado na quarta (13). A medida consta no ato normativo n\u00ba 8, publicado no Di\u00e1rio da Justi\u00e7a Eletr\u00f4nico de 23 de abril.<\/p>\n\n\n\n<p>No TJAL, o plant\u00e3o ficar\u00e1 a cargo do presidente Klever R\u00eago Loureiro. J\u00e1 no 1\u00ba Grau, os plantonistas da Capital ser\u00e3o os ju\u00edzes Jos\u00e9 Afr\u00e2nio dos Santos Oliveira (\u00e1rea c\u00edvel) e Nelson Ten\u00f3rio de Oliveira Neto (\u00e1rea criminal). Ambos atuar\u00e3o no Terminal Rodovi\u00e1rio da Capital, no bairro Feitosa.<\/p>\n\n\n\n<p>No interior, o plant\u00e3o disp\u00f5e de um juiz para cada uma das cinco circunscri\u00e7\u00f5es, que englobam um grupo de comarcas. Confira abaixo:<\/p>\n\n\n\n<p>&#8211; 1\u00ba circunscri\u00e7\u00e3o (sede Atalaia): juiz Jo\u00e3o Paulo Alexandre dos Santos.<\/p>\n\n\n\n<p>&#8211; 2\u00aa circunscri\u00e7\u00e3o (sede Arapiraca): juiz Alfredo dos Santos Mesquita.<\/p>\n\n\n\n<p>&#8211; 3\u00aa circunscri\u00e7\u00e3o (sede P\u00e3o de A\u00e7\u00facar): juiz Edivaldo Landeosi.<\/p>\n\n\n\n<p>&#8211; 4\u00aa circunscri\u00e7\u00e3o (sede Penedo): juiz Nelson Fernando de Medeiros Martins.<\/p>\n\n\n\n<p>&#8211; 5\u00aa circunscri\u00e7\u00e3o (sede Uni\u00e3o dos Palmares): juiz Yulli Roter Maia.<\/p>\n\n\n\n<p>Os magistrados do interior foram designados pela Corregedoria-Geral da Justi\u00e7a.&nbsp;<a href=\"https:\/\/www.tjal.jus.br\/POPUPS\/arquivos\/8482021.pdf\" target=\"_blank\" rel=\"noreferrer noopener\"><strong>Confira aqui a portaria<\/strong><\/a>.<\/p>\n\n\n\n<p><strong>Diretoria de Comunica\u00e7\u00e3o &#8211; Dicom TJAL&nbsp;DS<\/strong><\/p>\n","protected":false},"excerpt":{"rendered":"<p>O Tribunal de Justi\u00e7a de Alagoas (TJAL) suspender\u00e1 as atividades, atos e prazos processuais na segunda (11)<\/p>\n","protected":false},"author":1,"featured_media":16238,"comment_status":"open","ping_status":"open","sticky":false,"template":"","format":"standard","meta":{"footnotes":""},"categories":[60],"tags":[],"class_list":["post-16237","post","type-post","status-publish","format-standard","has-post-thumbnail","hentry","category-capa"],"_links":{"self":[{"href":"https:\/\/4cantosalagoas.com.br\/portal\/wp-json\/wp\/v2\/posts\/16237","targetHints":{"allow":["GET"]}}],"collection":[{"href":"https:\/\/4cantosalagoas.com.br\/portal\/wp-json\/wp\/v2\/posts"}],"about":[{"href":"https:\/\/4cantosalagoas.com.br\/portal\/wp-json\/wp\/v2\/types\/post"}],"author":[{"embeddable":true,"href":"https:\/\/4cantosalagoas.com.br\/portal\/wp-json\/wp\/v2\/users\/1"}],"replies":[{"embeddable":true,"href":"https:\/\/4cantosalagoas.com.br\/portal\/wp-json\/wp\/v2\/comments?post=16237"}],"version-history":[{"count":1,"href":"https:\/\/4cantosalagoas.com.br\/portal\/wp-json\/wp\/v2\/posts\/16237\/revisions"}],"predecessor-version":[{"id":16239,"href":"https:\/\/4cantosalagoas.com.br\/portal\/wp-json\/wp\/v2\/posts\/16237\/revisions\/16239"}],"wp:featuredmedia":[{"embeddable":true,"href":"https:\/\/4cantosalagoas.com.br\/portal\/wp-json\/wp\/v2\/media\/16238"}],"wp:attachment":[{"href":"https:\/\/4cantosalagoas.com.br\/portal\/wp-json\/wp\/v2\/media?parent=16237"}],"wp:term":[{"taxonomy":"category","embeddable":true,"href":"https:\/\/4cantosalagoas.com.br\/portal\/wp-json\/wp\/v2\/categories?post=16237"},{"taxonomy":"post_tag","embeddable":true,"href":"https:\/\/4cantosalagoas.com.br\/portal\/wp-json\/wp\/v2\/tags?post=16237"}],"curies":[{"name":"wp","href":"https:\/\/api.w.org\/{rel}","templated":true}]}}