{"id":16218,"date":"2021-10-05T18:44:03","date_gmt":"2021-10-05T21:44:03","guid":{"rendered":"http:\/\/4cantosalagoas.com.br\/portal\/?p=16218"},"modified":"2021-10-05T18:44:07","modified_gmt":"2021-10-05T21:44:07","slug":"ferramenta-ajudara-na-identificacao-de-suspeitos-e-foragidos-da-justica","status":"publish","type":"post","link":"https:\/\/4cantosalagoas.com.br\/portal\/ferramenta-ajudara-na-identificacao-de-suspeitos-e-foragidos-da-justica\/","title":{"rendered":"Ferramenta ajudar\u00e1 na identifica\u00e7\u00e3o de suspeitos e foragidos da Justi\u00e7a"},"content":{"rendered":"\n<figure class=\"wp-block-image\"><img fetchpriority=\"high\" decoding=\"async\" width=\"750\" height=\"500\" src=\"http:\/\/4cantosalagoas.com.br\/portal\/wp-content\/uploads\/2021\/10\/central_de_flagrantes_reuni\u00e3o_em_5-10.thumbnail.jpg\" alt=\"\" class=\"wp-image-16219\" srcset=\"https:\/\/4cantosalagoas.com.br\/portal\/wp-content\/uploads\/2021\/10\/central_de_flagrantes_reuni\u00e3o_em_5-10.thumbnail.jpg 750w, https:\/\/4cantosalagoas.com.br\/portal\/wp-content\/uploads\/2021\/10\/central_de_flagrantes_reuni\u00e3o_em_5-10.thumbnail-300x200.jpg 300w\" sizes=\"(max-width: 750px) 100vw, 750px\" \/><figcaption> <br><strong>Foto: Marcelo Casado, Daniel Pinto, Jos\u00e9 An\u00edzio de Amorim e Overlack Alessandro.<\/strong> <\/figcaption><\/figure>\n\n\n\n<p>A parceria entre a Pol\u00edcia Civil (PCAL) e a Per\u00edcia Oficial (POAL), \u00f3rg\u00e3os integrantes da estrutura da Secretaria de Seguran\u00e7a P\u00fablica de Alagoas (SSP-AL), &nbsp;trouxe mais um aspecto positivo que ajudar\u00e1 no trabalho de combate a criminalidade no Estado.<\/p>\n\n\n\n<p>Na manh\u00e3 desta ter\u00e7a-feira (5), o superintendente do Instituto de Identifica\u00e7\u00e3o (II) de Alagoas, Jos\u00e9 An\u00edzio de Amorim, esteve na Central de Flagrantes da Capital visitando o N\u00facleo de Identifica\u00e7\u00e3o Criminal da Pol\u00edcia Civil, e comunicou a libera\u00e7\u00e3o de mais uma ferramenta que ajudar\u00e1 na identifica\u00e7\u00e3o de suspeitos e foragidos da Justi\u00e7a envolvidos na pr\u00e1tica de il\u00edcitos penais.<\/p>\n\n\n\n<p>O novo recurso \u00e9 a identifica\u00e7\u00e3o facial, e ser\u00e1 usado pelo N\u00facleo de Identifica\u00e7\u00e3o Criminal da Pol\u00edcia Civil, na Central de&nbsp; Flagrantes&nbsp; de Macei\u00f3 e Central de Pol\u00edcia Civil de Arapiraca.<\/p>\n\n\n\n<p>Do encontro, al\u00e9m do superintendente do Instituto de Identifica\u00e7\u00e3o, participaram&nbsp;o coordenador da Central de Flagrantes, Daniel Pinto, o coordenador do N\u00facleo de Identifica\u00e7\u00e3o Criminal, Overlack Alessandro, e o chefe da Papiloscopia Criminal, Marcelo Casado.<\/p>\n\n\n\n<p>&nbsp;\u201cA parceria entre a Pol\u00edcia Civil e a Per\u00edcia Oficial, que j\u00e1 tem a biometria online e identifica\u00e7\u00e3o de adolescente infrator, ambos pioneiros no Brasil, j\u00e1 vem tendo \u00f3timos resultados na identifica\u00e7\u00e3o de foragidos da Justi\u00e7a, e com a nova ferramenta os trabalhos ser\u00e3o mais otimizados no combate a criminalidade no Estado\u201d, ressaltou o chefe do N\u00facleo de Identifica\u00e7\u00e3o, agente PC Overlack Alessandro.<\/p>\n\n\n\n<p>O coordenador da Central de Flagrantes da Capital, agente PC Daniel Pinto, disse que no encontro foram debatidas as possibilidades de novas parcerias com o Instituto, com o apoio total do\u00a0delegado-geral da Pol\u00edcia Civil, Carlos Reis, e do gerente de Pol\u00edcia da Regi\u00e3o 1, delegado Valter Nascimento.<\/p>\n\n\n\n<p>Assessoria<\/p>\n","protected":false},"excerpt":{"rendered":"<p>A parceria entre a Pol\u00edcia Civil (PCAL) e a Per\u00edcia Oficial (POAL), \u00f3rg\u00e3os integrantes da estrutura da<\/p>\n","protected":false},"author":1,"featured_media":16219,"comment_status":"open","ping_status":"open","sticky":false,"template":"","format":"standard","meta":{"footnotes":""},"categories":[60],"tags":[],"class_list":["post-16218","post","type-post","status-publish","format-standard","has-post-thumbnail","hentry","category-capa"],"_links":{"self":[{"href":"https:\/\/4cantosalagoas.com.br\/portal\/wp-json\/wp\/v2\/posts\/16218","targetHints":{"allow":["GET"]}}],"collection":[{"href":"https:\/\/4cantosalagoas.com.br\/portal\/wp-json\/wp\/v2\/posts"}],"about":[{"href":"https:\/\/4cantosalagoas.com.br\/portal\/wp-json\/wp\/v2\/types\/post"}],"author":[{"embeddable":true,"href":"https:\/\/4cantosalagoas.com.br\/portal\/wp-json\/wp\/v2\/users\/1"}],"replies":[{"embeddable":true,"href":"https:\/\/4cantosalagoas.com.br\/portal\/wp-json\/wp\/v2\/comments?post=16218"}],"version-history":[{"count":1,"href":"https:\/\/4cantosalagoas.com.br\/portal\/wp-json\/wp\/v2\/posts\/16218\/revisions"}],"predecessor-version":[{"id":16220,"href":"https:\/\/4cantosalagoas.com.br\/portal\/wp-json\/wp\/v2\/posts\/16218\/revisions\/16220"}],"wp:featuredmedia":[{"embeddable":true,"href":"https:\/\/4cantosalagoas.com.br\/portal\/wp-json\/wp\/v2\/media\/16219"}],"wp:attachment":[{"href":"https:\/\/4cantosalagoas.com.br\/portal\/wp-json\/wp\/v2\/media?parent=16218"}],"wp:term":[{"taxonomy":"category","embeddable":true,"href":"https:\/\/4cantosalagoas.com.br\/portal\/wp-json\/wp\/v2\/categories?post=16218"},{"taxonomy":"post_tag","embeddable":true,"href":"https:\/\/4cantosalagoas.com.br\/portal\/wp-json\/wp\/v2\/tags?post=16218"}],"curies":[{"name":"wp","href":"https:\/\/api.w.org\/{rel}","templated":true}]}}