{"id":16205,"date":"2021-10-04T18:57:04","date_gmt":"2021-10-04T21:57:04","guid":{"rendered":"http:\/\/4cantosalagoas.com.br\/portal\/?p=16205"},"modified":"2021-10-04T18:57:09","modified_gmt":"2021-10-04T21:57:09","slug":"parcialmente-interditada-obras-de-esgotamento-sanitario-na-avenida-gustavo-paiva-nesta-terca-feira-5","status":"publish","type":"post","link":"https:\/\/4cantosalagoas.com.br\/portal\/parcialmente-interditada-obras-de-esgotamento-sanitario-na-avenida-gustavo-paiva-nesta-terca-feira-5\/","title":{"rendered":"Parcialmente interditada: Obras de esgotamento sanit\u00e1rio na Avenida Gustavo Paiva nesta ter\u00e7a-feira (5)"},"content":{"rendered":"\n<figure class=\"wp-block-image\"><img fetchpriority=\"high\" decoding=\"async\" width=\"1024\" height=\"769\" src=\"https:\/\/i0.wp.com\/4cantosalagoas.com.br\/portal\/wp-content\/uploads\/2021\/10\/F4610C02-E5C4-4226-99F3-F4F8E9F6D298.jpeg?fit=1024%2C769\" alt=\"\" class=\"wp-image-16206\" srcset=\"https:\/\/4cantosalagoas.com.br\/portal\/wp-content\/uploads\/2021\/10\/F4610C02-E5C4-4226-99F3-F4F8E9F6D298.jpeg 1024w, https:\/\/4cantosalagoas.com.br\/portal\/wp-content\/uploads\/2021\/10\/F4610C02-E5C4-4226-99F3-F4F8E9F6D298-300x225.jpeg 300w, https:\/\/4cantosalagoas.com.br\/portal\/wp-content\/uploads\/2021\/10\/F4610C02-E5C4-4226-99F3-F4F8E9F6D298-768x577.jpeg 768w\" sizes=\"(max-width: 1024px) 100vw, 1024px\" \/><figcaption> <br><strong><em>Via ser\u00e1 parcialmente interditada durante o turno da noite. Foto: Itawi Albuquerque\/ SECOM Macei\u00f3.<\/em><\/strong> <\/figcaption><\/figure>\n\n\n\n<p> A Superintend\u00eancia Municipal de Transportes e Tr\u00e2nsito (SMTT) informa que, a partir desta ter\u00e7a-feira (5), em decorr\u00eancia de obras de esgotamento sanit\u00e1rio, a Avenida Comendador Gustavo Paiva ser\u00e1 parcialmente interditada no per\u00edodo da noite. A obra ser\u00e1 executada em trechos, no trajeto que vai desde o Centro Universit\u00e1rio Tiradentes (Unit), em Cruz das Almas, at\u00e9 as imedia\u00e7\u00f5es da Sococo, em Mangabeiras.\u00a0 <\/p>\n\n\n\n<p>Para reduzir os transtornos aos condutores que trafegam pelo local, considerando que \u00e9 uma via com intenso fluxo de ve\u00edculos, as equipes trabalhar\u00e3o das 20h \u00e0s 6h. Fora desses hor\u00e1rios, a circula\u00e7\u00e3o de ve\u00edculos estar\u00e1 normalizada e as linhas de \u00f4nibus n\u00e3o sofrer\u00e3o mudan\u00e7as em seus itiner\u00e1rios. A previs\u00e3o \u00e9 que os servi\u00e7os sejam conclu\u00eddos no dia 30 de novembro.<\/p>\n\n\n\n<figure class=\"wp-block-image\"><img decoding=\"async\" src=\"http:\/\/www.maceio.al.gov.br\/wp-content\/uploads\/2021\/10\/jpeg\/2021\/10\/AEBCDB9D-663E-4BA6-A996-490951CAE7C1.jpeg\" alt=\"\" class=\"wp-image-430599\"\/><figcaption><strong><em>A primeira etapa da obra vai das proximidades da UNIT at\u00e9 a Avenida Jo\u00e3o Davino. Foto: Itawi Albuquerque \/ SECOM Macei\u00f3.<\/em><\/strong><\/figcaption><\/figure>\n\n\n\n<p><br>A obra, que \u00e9 executada pela Unidade Gestora do Programa Macei\u00f3 Tem Pressa, ser\u00e1 realizada em duas etapas. Ainda durante o per\u00edodo de trabalho, a regi\u00e3o que receber\u00e1 as interven\u00e7\u00f5es contar\u00e1 com isolamento e sinaliza\u00e7\u00e3o do local, atendendo assim, a todos os protocolos de seguran\u00e7a operacional.<\/p>\n\n\n\n<p>Agentes de tr\u00e2nsito far\u00e3o rondas pelo local, para verificar a fluidez no tr\u00e1fego de ve\u00edculos.<\/p>\n\n\n\n<p>A SMTT pede a conscientiza\u00e7\u00e3o dos condutores, orienta que redobrem a aten\u00e7\u00e3o e reduzam a velocidade ao trafegarem pela via para evitar a ocorr\u00eancia de acidentes. Os maceioenses poder\u00e3o acionar os agentes do \u00f3rg\u00e3o a qualquer hora do dia pelo 3312-5340. O telefone \u00e9 operado diretamente do N\u00facleo de Opera\u00e7\u00f5es Integradas (NOI), com equipes de prontid\u00e3o.<\/p>\n\n\n\n<p>Ascom SMTT \/ Ascom UGP&nbsp;<\/p>\n","protected":false},"excerpt":{"rendered":"<p>A Superintend\u00eancia Municipal de Transportes e Tr\u00e2nsito (SMTT) informa que, a partir desta ter\u00e7a-feira (5), em decorr\u00eancia<\/p>\n","protected":false},"author":1,"featured_media":16206,"comment_status":"open","ping_status":"open","sticky":false,"template":"","format":"standard","meta":{"footnotes":""},"categories":[60],"tags":[],"class_list":["post-16205","post","type-post","status-publish","format-standard","has-post-thumbnail","hentry","category-capa"],"_links":{"self":[{"href":"https:\/\/4cantosalagoas.com.br\/portal\/wp-json\/wp\/v2\/posts\/16205","targetHints":{"allow":["GET"]}}],"collection":[{"href":"https:\/\/4cantosalagoas.com.br\/portal\/wp-json\/wp\/v2\/posts"}],"about":[{"href":"https:\/\/4cantosalagoas.com.br\/portal\/wp-json\/wp\/v2\/types\/post"}],"author":[{"embeddable":true,"href":"https:\/\/4cantosalagoas.com.br\/portal\/wp-json\/wp\/v2\/users\/1"}],"replies":[{"embeddable":true,"href":"https:\/\/4cantosalagoas.com.br\/portal\/wp-json\/wp\/v2\/comments?post=16205"}],"version-history":[{"count":1,"href":"https:\/\/4cantosalagoas.com.br\/portal\/wp-json\/wp\/v2\/posts\/16205\/revisions"}],"predecessor-version":[{"id":16207,"href":"https:\/\/4cantosalagoas.com.br\/portal\/wp-json\/wp\/v2\/posts\/16205\/revisions\/16207"}],"wp:featuredmedia":[{"embeddable":true,"href":"https:\/\/4cantosalagoas.com.br\/portal\/wp-json\/wp\/v2\/media\/16206"}],"wp:attachment":[{"href":"https:\/\/4cantosalagoas.com.br\/portal\/wp-json\/wp\/v2\/media?parent=16205"}],"wp:term":[{"taxonomy":"category","embeddable":true,"href":"https:\/\/4cantosalagoas.com.br\/portal\/wp-json\/wp\/v2\/categories?post=16205"},{"taxonomy":"post_tag","embeddable":true,"href":"https:\/\/4cantosalagoas.com.br\/portal\/wp-json\/wp\/v2\/tags?post=16205"}],"curies":[{"name":"wp","href":"https:\/\/api.w.org\/{rel}","templated":true}]}}