{"id":16147,"date":"2021-09-28T07:19:43","date_gmt":"2021-09-28T10:19:43","guid":{"rendered":"http:\/\/4cantosalagoas.com.br\/portal\/?p=16147"},"modified":"2021-09-28T07:19:47","modified_gmt":"2021-09-28T10:19:47","slug":"covid-19-prefeitura-inicia-imunizacao-em-abrigos-de-maceio","status":"publish","type":"post","link":"https:\/\/4cantosalagoas.com.br\/portal\/covid-19-prefeitura-inicia-imunizacao-em-abrigos-de-maceio\/","title":{"rendered":"Covid-19: Prefeitura inicia imuniza\u00e7\u00e3o em abrigos de Macei\u00f3"},"content":{"rendered":"\n<figure class=\"wp-block-image\"><img fetchpriority=\"high\" decoding=\"async\" width=\"982\" height=\"739\" src=\"http:\/\/4cantosalagoas.com.br\/portal\/wp-content\/uploads\/2021\/09\/PERSONAGEM-MARILAC.jpeg\" alt=\"\" class=\"wp-image-16148\" srcset=\"https:\/\/4cantosalagoas.com.br\/portal\/wp-content\/uploads\/2021\/09\/PERSONAGEM-MARILAC.jpeg 982w, https:\/\/4cantosalagoas.com.br\/portal\/wp-content\/uploads\/2021\/09\/PERSONAGEM-MARILAC-300x226.jpeg 300w, https:\/\/4cantosalagoas.com.br\/portal\/wp-content\/uploads\/2021\/09\/PERSONAGEM-MARILAC-768x578.jpeg 768w\" sizes=\"(max-width: 982px) 100vw, 982px\" \/><figcaption> <br>Covid-19: Prefeitura inicia imuniza\u00e7\u00e3o em abrigos de Macei\u00f3 <\/figcaption><\/figure>\n\n\n\n<p>A aplica\u00e7\u00e3o da terceira dose para idosos que vivem em Institui\u00e7\u00f5es de Longa Perman\u00eancia (ILPIs) teve in\u00edcio na manh\u00e3 desta segunda-feira (27) com a imuniza\u00e7\u00e3o das mulheres de 60 anos ou mais que moram na Casa para Velhice Lu\u00edza de Marilac, na Santa Am\u00e9lia. No total, 29 mulheres residentes na institui\u00e7\u00e3o foram imunizadas contra a Covid-19. Demais idosos institucionalizados ir\u00e3o receber o imunizante nos abrigos em que vivem, seguindo programa\u00e7\u00e3o ajustada entre os locais e a Ger\u00eancia de Imuniza\u00e7\u00e3o de Macei\u00f3.<\/p>\n\n\n\n<p>Maria Vieira, de 86 anos, recebeu sua dose de refor\u00e7o e falou emocionada sobre seu sentimento com a imuniza\u00e7\u00e3o. \u201cPara mim, a vacina \u00e9 a maior riqueza que a gente pode ganhar nesse momento em que tantas pessoas est\u00e3o sofrendo com essa doen\u00e7a. Eu me emociono nesse dia porque sei que s\u00f3 vacinados n\u00f3s vamos ficar bem e seguros\u201d, disse.<\/p>\n\n\n\n<p>Solange Ara\u00fajo \u00e9 coordenadora administrativa no local e fala que v\u00ea a vacina\u00e7\u00e3o das moradoras como um grande e emocionante presente. \u201cN\u00f3s passamos a pandemia inteira muito preocupados com a sa\u00fade de todas e ver elas recebendo a terceira dose no dia de hoje \u00e9 uma emo\u00e7\u00e3o indescrit\u00edvel, pois agora ficamos mais seguros de que esse v\u00edrus n\u00e3o ir\u00e1 invadir nosso lar\u201d, comemorou.<\/p>\n\n\n\n<figure class=\"wp-block-image\"><img decoding=\"async\" src=\"http:\/\/www.maceio.al.gov.br\/wp-content\/uploads\/2021\/09\/jpeg\/2021\/09\/coordenadora-CASA-MARILAC.jpeg\" alt=\"\" class=\"wp-image-429139\"\/><figcaption><em><strong>Solange encara a vacina\u00e7\u00e3o das moradoras como um presente. Foto: Polyanna Monteiro\/Ascom SMS<\/strong><\/em><\/figcaption><\/figure>\n\n\n\n<p>O atendimento a todas as ILPIs vem ficando sob responsabilidade das equipes volantes da Sa\u00fade Municipal, que t\u00eam atuado tamb\u00e9m em outros locais como associa\u00e7\u00f5es, institui\u00e7\u00f5es prisionais e nas resid\u00eancias de pessoas acamadas que se cadastraram pelos canais oficiais do munic\u00edpio.<\/p>\n\n\n\n<p>Enfermeira e respons\u00e1vel pela equipe de vacina\u00e7\u00e3o no local, Dulcilene Omena ressalta que o trabalho volante da Sa\u00fade \u00e9 essencial para que o Munic\u00edpio possa alcan\u00e7ar aqueles que possuem algum tipo de impedimento ou dificuldade de comparecer nos pontos distribu\u00eddos pela cidade.<\/p>\n\n\n\n<p>\u201c\u00c9 um trabalho que tem feito toda a diferen\u00e7a na vida dessas pessoas que n\u00e3o conseguem se direcionar aos pontos e, provavelmente n\u00e3o iriam ser imunizadas se n\u00e3o vi\u00e9ssemos at\u00e9 elas. O resultado sempre \u00e9 muito gratificante, pois vemos a emo\u00e7\u00e3o nos olhos de cada pessoa que passa a se sentir aliviada e mais segura contra esse v\u00edrus t\u00e3o perigoso\u201d, destacou a enfermeira.<\/p>\n\n\n\n<figure class=\"wp-block-image\"><img decoding=\"async\" src=\"http:\/\/www.maceio.al.gov.br\/wp-content\/uploads\/2021\/09\/jpeg\/2021\/09\/ENFERMEIRA-DUCILENE.jpeg\" alt=\"\" class=\"wp-image-429141\"\/><figcaption><strong><em>A enfermeira, Dulcilene Omena, destaca a import\u00e2ncia da vacina\u00e7\u00e3o com equipes volantes. Foto: Polyanna Monteiro\/Ascom SMS<\/em><\/strong><\/figcaption><\/figure>\n\n\n\n<p>V<strong>acina\u00e7\u00e3o dos demais p\u00fablicos<\/strong><\/p>\n\n\n\n<p>A Prefeitura segue disponibilizando em todos os pontos de vacina\u00e7\u00e3o de Macei\u00f3 a primeira dose para adolescentes de 12 a 17 anos com e sem comorbidades e remanescentes de outros grupos que n\u00e3o tenham iniciado a imuniza\u00e7\u00e3o. Tamb\u00e9m est\u00e3o dispon\u00edveis, nos locais, a segunda dose para adultos e a terceira dose para pessoas com 70 anos ou mais que tenham completado seis meses da segunda dose, al\u00e9m dos imunossuprimidos com pelo menos 28 dias ap\u00f3s terem tomado a 2\u00aa dose.<\/p>\n\n\n\n<p><strong>Terceira dose para pessoas acamadas<\/strong><\/p>\n\n\n\n<p>As pessoas acamadas que tomaram a primeira e a segunda doses em Macei\u00f3 e j\u00e1 est\u00e3o cadastradas na base de dados da Prefeitura com essa condi\u00e7\u00e3o ser\u00e3o contatadas e atendidas pelas equipes de vacina\u00e7\u00e3o extramuros. As que vieram a ficar acamadas ao longo desse per\u00edodo precisam ligar para o n\u00famero 3312-5589 e se cadastrar para receber a equipe de vacina\u00e7\u00e3o em casa.&nbsp;<\/p>\n\n\n\n<p><strong>Intercambialidade para terceira dose<\/strong><\/p>\n\n\n\n<p>A Nota T\u00e9cnica n\u00b0 43\/2021 do Minist\u00e9rio da Sa\u00fade recomenda a intercambialidade entre vacinas para terceira dose. Ou seja, todo esse p\u00fablico tomar\u00e1 vacinas diferentes das que foram administradas nas doses anteriores. Quem tomou as duas doses da Coronavac e da Astrazeneca tomar\u00e1 a terceira dose da Pfizer, j\u00e1 quem tomou as duas doses da Pfizer tomar\u00e1 a dose complementar da Astrazeneca.<\/p>\n\n\n\n<p><strong>Documentos necess\u00e1rios<\/strong><\/p>\n\n\n\n<p>Para se vacinar com a primeira dose, \u00e9 necess\u00e1rio apresentar certid\u00e3o de nascimento ou documento de identifica\u00e7\u00e3o com foto, CPF e comprovante de resid\u00eancia (original e c\u00f3pia).<\/p>\n\n\n\n<p>Para a segunda dose, basta apresentar o documento de identifica\u00e7\u00e3o com foto e o cart\u00e3o de vacina\u00e7\u00e3o. Quem perdeu o cart\u00e3o pode solicitar a segunda via no posto onde tomou a primeira dose.<\/p>\n\n\n\n<p>Pessoas com defici\u00eancia visual que, ao tomar a primeira dose, tenham recebido o cart\u00e3o convencional, podem solicitar a substitui\u00e7\u00e3o pelo cart\u00e3o em braile no ponto onde forem tomar a segunda.<\/p>\n\n\n\n<p>Para se vacinar com a terceira dose, pessoas idosas devem apresentar documento de identifica\u00e7\u00e3o com foto, comprovante de resid\u00eancia (n\u00e3o precisa c\u00f3pia) e o cart\u00e3o de vacina\u00e7\u00e3o com as informa\u00e7\u00f5es da etapa anterior. Pessoas imunocomprometidas devem apresentar, al\u00e9m do documento de identifica\u00e7\u00e3o e do comprovante de resid\u00eancia, um dos citados abaixo:<\/p>\n\n\n\n<p>\u2013 Prescri\u00e7\u00e3o m\u00e9dica com justificativa;<\/p>\n\n\n\n<p>\u2013 Exames espec\u00edficos que estabele\u00e7am o diagn\u00f3stico;<\/p>\n\n\n\n<p>&nbsp;\u2013 Relat\u00f3rio m\u00e9dico;<\/p>\n\n\n\n<p>&nbsp;\u2013 Receitas para terap\u00eautica espec\u00edfica de condi\u00e7\u00f5es descritas;<\/p>\n\n\n\n<p>&nbsp;\u2013 Guia de Encaminhamento espec\u00edfico.<\/p>\n\n\n\n<p><strong>Imunossuprimidos que devem tomar a terceira dose<\/strong><\/p>\n\n\n\n<p>I \u2013 Imunodefici\u00eancia prim\u00e1ria grave.<\/p>\n\n\n\n<p>II \u2013 Quimioterapia para c\u00e2ncer.<\/p>\n\n\n\n<p>III \u2013 Transplantados de \u00f3rg\u00e3o s\u00f3lido ou de c\u00e9lulas tronco hematopoi\u00e9ticas (TCTH) uso de drogas imunossupressoras.<\/p>\n\n\n\n<p>IV \u2013 Pessoas vivendo com HIV\/AIDS.<\/p>\n\n\n\n<p>V \u2013 Uso de cortic\u00f3ides em doses \u226520 mg\/dia de prednisona, ou equivalente, por \u226514 dias.<\/p>\n\n\n\n<p>VI \u2013 Uso de drogas modificadoras da resposta imune (vide tabela 1).<\/p>\n\n\n\n<p>VII \u2013 Auto inflamat\u00f3rias, doen\u00e7as intestinais inflamat\u00f3rias.<\/p>\n\n\n\n<p>VIII \u2013 Pacientes em hemodi\u00e1lise.<\/p>\n\n\n\n<p>IX \u2013 Pacientes com doen\u00e7as imunomediadas inflamat\u00f3rias cr\u00f4nicas<\/p>\n\n\n\n<p><strong>Drogas modificadoras da resposta imune e doses consideradas imunossupressoras<\/strong><\/p>\n\n\n\n<p>1. Metotrexato<\/p>\n\n\n\n<p>2. Leflunomida<\/p>\n\n\n\n<p>3. Micofenolato de mofetila<\/p>\n\n\n\n<p>4. Azatiprina<\/p>\n\n\n\n<p>5. Ciclofosfamida<\/p>\n\n\n\n<p>6. Ciclosporina<\/p>\n\n\n\n<p>7. Tacrolimus<\/p>\n\n\n\n<p>8. Mercaptopurina<\/p>\n\n\n\n<p>9. Biol\u00f3gicos em geral (infliximabe, etanercept, humira, adalimumabe, tocilizumabe, Canakinumabe, golimumabe, certolizumabe, abatacepte, Secukinumabe, ustekinumabe)<\/p>\n\n\n\n<p>10. Inibidores da JAK (Tofacitinibe, baracitinibe e Upadacitinibe)<\/p>\n\n\n\n<p>Assessoria<\/p>\n","protected":false},"excerpt":{"rendered":"<p>A aplica\u00e7\u00e3o da terceira dose para idosos que vivem em Institui\u00e7\u00f5es de Longa Perman\u00eancia (ILPIs) teve in\u00edcio<\/p>\n","protected":false},"author":1,"featured_media":16148,"comment_status":"open","ping_status":"open","sticky":false,"template":"","format":"standard","meta":{"footnotes":""},"categories":[5],"tags":[],"class_list":["post-16147","post","type-post","status-publish","format-standard","has-post-thumbnail","hentry","category-maceio"],"_links":{"self":[{"href":"https:\/\/4cantosalagoas.com.br\/portal\/wp-json\/wp\/v2\/posts\/16147","targetHints":{"allow":["GET"]}}],"collection":[{"href":"https:\/\/4cantosalagoas.com.br\/portal\/wp-json\/wp\/v2\/posts"}],"about":[{"href":"https:\/\/4cantosalagoas.com.br\/portal\/wp-json\/wp\/v2\/types\/post"}],"author":[{"embeddable":true,"href":"https:\/\/4cantosalagoas.com.br\/portal\/wp-json\/wp\/v2\/users\/1"}],"replies":[{"embeddable":true,"href":"https:\/\/4cantosalagoas.com.br\/portal\/wp-json\/wp\/v2\/comments?post=16147"}],"version-history":[{"count":1,"href":"https:\/\/4cantosalagoas.com.br\/portal\/wp-json\/wp\/v2\/posts\/16147\/revisions"}],"predecessor-version":[{"id":16149,"href":"https:\/\/4cantosalagoas.com.br\/portal\/wp-json\/wp\/v2\/posts\/16147\/revisions\/16149"}],"wp:featuredmedia":[{"embeddable":true,"href":"https:\/\/4cantosalagoas.com.br\/portal\/wp-json\/wp\/v2\/media\/16148"}],"wp:attachment":[{"href":"https:\/\/4cantosalagoas.com.br\/portal\/wp-json\/wp\/v2\/media?parent=16147"}],"wp:term":[{"taxonomy":"category","embeddable":true,"href":"https:\/\/4cantosalagoas.com.br\/portal\/wp-json\/wp\/v2\/categories?post=16147"},{"taxonomy":"post_tag","embeddable":true,"href":"https:\/\/4cantosalagoas.com.br\/portal\/wp-json\/wp\/v2\/tags?post=16147"}],"curies":[{"name":"wp","href":"https:\/\/api.w.org\/{rel}","templated":true}]}}