{"id":16143,"date":"2021-09-27T18:11:28","date_gmt":"2021-09-27T21:11:28","guid":{"rendered":"http:\/\/4cantosalagoas.com.br\/portal\/?p=16143"},"modified":"2021-09-27T18:11:33","modified_gmt":"2021-09-27T21:11:33","slug":"deic-prende-foragido-da-justica-de-pernambuco-que-trabalhava-em-transporte-interestadual-em-alagoas","status":"publish","type":"post","link":"https:\/\/4cantosalagoas.com.br\/portal\/deic-prende-foragido-da-justica-de-pernambuco-que-trabalhava-em-transporte-interestadual-em-alagoas\/","title":{"rendered":"DEIC prende foragido da Justi\u00e7a de Pernambuco que trabalhava em transporte interestadual em Alagoas"},"content":{"rendered":"\n<figure class=\"wp-block-image\"><img fetchpriority=\"high\" decoding=\"async\" width=\"750\" height=\"450\" src=\"http:\/\/4cantosalagoas.com.br\/portal\/wp-content\/uploads\/2020\/09\/Deic_banner_padr\u00e3o_novo.thumbnail.jpg\" alt=\"\" class=\"wp-image-12542\" srcset=\"https:\/\/4cantosalagoas.com.br\/portal\/wp-content\/uploads\/2020\/09\/Deic_banner_padr\u00e3o_novo.thumbnail.jpg 750w, https:\/\/4cantosalagoas.com.br\/portal\/wp-content\/uploads\/2020\/09\/Deic_banner_padr\u00e3o_novo.thumbnail-300x180.jpg 300w\" sizes=\"(max-width: 750px) 100vw, 750px\" \/><figcaption>Assessoria<\/figcaption><\/figure>\n\n\n\n<p>Policiais civis da Se\u00e7\u00e3o de Capturas, da Divis\u00e3o Especial de Investiga\u00e7\u00e3o e Capturas (DEIC) prenderam, na manh\u00e3 desta segunda-feira (27), um homem que estava foragido da justi\u00e7a desde 2002, quando cometeu o crime de homic\u00eddio contra a pr\u00f3pria esposa, na cidade de Canhotinho em Pernambuco.<\/p>\n\n\n\n<p>A v\u00edtima, Maria Aparecida dos Santos, foi morta a facadas e o autor alegou que estaria sendo tra\u00eddo por ela.<\/p>\n\n\n\n<p>Ele teria se apresentado \u00e0 pol\u00edcia ap\u00f3s o crime, mas em seguida fugiu para Alagoas onde passou a trabalhar em uma empresa de turismo.<\/p>\n\n\n\n<p>Atualmente, o foragido trabalhava como fiscal volante de \u00f4nibus de transporte interestadual perfazendo a linha Barra de Santo Ant\u00f4nio &#8211; Macei\u00f3.&nbsp;<\/p>\n\n\n\n<p>O mandado de pris\u00e3o preventiva foi expedido pela justi\u00e7a pernambucana e cumprido pelos policiais da DEIC ap\u00f3s dilig\u00eancias.<\/p>\n\n\n\n<p>Ele foi preso no bairro de Ipioca e levado para a sede da DEIC onde foram tomadas as provid\u00eancias cab\u00edveis.<\/p>\n\n\n\n<p>Assessoria<\/p>\n","protected":false},"excerpt":{"rendered":"<p>Policiais civis da Se\u00e7\u00e3o de Capturas, da Divis\u00e3o Especial de Investiga\u00e7\u00e3o e Capturas (DEIC) prenderam, na manh\u00e3<\/p>\n","protected":false},"author":1,"featured_media":12542,"comment_status":"open","ping_status":"open","sticky":false,"template":"","format":"standard","meta":{"footnotes":""},"categories":[60],"tags":[],"class_list":["post-16143","post","type-post","status-publish","format-standard","has-post-thumbnail","hentry","category-capa"],"_links":{"self":[{"href":"https:\/\/4cantosalagoas.com.br\/portal\/wp-json\/wp\/v2\/posts\/16143","targetHints":{"allow":["GET"]}}],"collection":[{"href":"https:\/\/4cantosalagoas.com.br\/portal\/wp-json\/wp\/v2\/posts"}],"about":[{"href":"https:\/\/4cantosalagoas.com.br\/portal\/wp-json\/wp\/v2\/types\/post"}],"author":[{"embeddable":true,"href":"https:\/\/4cantosalagoas.com.br\/portal\/wp-json\/wp\/v2\/users\/1"}],"replies":[{"embeddable":true,"href":"https:\/\/4cantosalagoas.com.br\/portal\/wp-json\/wp\/v2\/comments?post=16143"}],"version-history":[{"count":1,"href":"https:\/\/4cantosalagoas.com.br\/portal\/wp-json\/wp\/v2\/posts\/16143\/revisions"}],"predecessor-version":[{"id":16144,"href":"https:\/\/4cantosalagoas.com.br\/portal\/wp-json\/wp\/v2\/posts\/16143\/revisions\/16144"}],"wp:featuredmedia":[{"embeddable":true,"href":"https:\/\/4cantosalagoas.com.br\/portal\/wp-json\/wp\/v2\/media\/12542"}],"wp:attachment":[{"href":"https:\/\/4cantosalagoas.com.br\/portal\/wp-json\/wp\/v2\/media?parent=16143"}],"wp:term":[{"taxonomy":"category","embeddable":true,"href":"https:\/\/4cantosalagoas.com.br\/portal\/wp-json\/wp\/v2\/categories?post=16143"},{"taxonomy":"post_tag","embeddable":true,"href":"https:\/\/4cantosalagoas.com.br\/portal\/wp-json\/wp\/v2\/tags?post=16143"}],"curies":[{"name":"wp","href":"https:\/\/api.w.org\/{rel}","templated":true}]}}