{"id":16115,"date":"2021-09-23T10:27:20","date_gmt":"2021-09-23T13:27:20","guid":{"rendered":"http:\/\/4cantosalagoas.com.br\/portal\/?p=16115"},"modified":"2021-09-23T10:27:20","modified_gmt":"2021-09-23T13:27:20","slug":"policia-civil-prende-em-flagrante-homem-por-violencia-domestica-em-craibas","status":"publish","type":"post","link":"https:\/\/4cantosalagoas.com.br\/portal\/policia-civil-prende-em-flagrante-homem-por-violencia-domestica-em-craibas\/","title":{"rendered":"Pol\u00edcia Civil prende em flagrante homem por viol\u00eancia dom\u00e9stica em Cra\u00edbas"},"content":{"rendered":"\n<figure class=\"wp-block-image\"><img fetchpriority=\"high\" decoding=\"async\" width=\"750\" height=\"500\" src=\"http:\/\/4cantosalagoas.com.br\/portal\/wp-content\/uploads\/2021\/09\/IMG-20210922-WA0387.thumbnail.jpg\" alt=\"\" class=\"wp-image-16116\" srcset=\"https:\/\/4cantosalagoas.com.br\/portal\/wp-content\/uploads\/2021\/09\/IMG-20210922-WA0387.thumbnail.jpg 750w, https:\/\/4cantosalagoas.com.br\/portal\/wp-content\/uploads\/2021\/09\/IMG-20210922-WA0387.thumbnail-300x200.jpg 300w\" sizes=\"(max-width: 750px) 100vw, 750px\" \/><figcaption>Assessoria<\/figcaption><\/figure>\n\n\n\n<p>A Pol\u00edcia Civil de Alagoas, por meio da equipe do 62\u00ba Distrito Policial (62\u00b0DP) de Cra\u00edbas, coordenada pelo delegado Guilherme Martim Iusten, prendeu em flagrante delito um indiv\u00edduo de 54 anos, pela pr\u00e1tica do crime de amea\u00e7a no contexto de viol\u00eancia dom\u00e9stica e familiar contra a ex-mulher com as repercuss\u00f5es da Lei Maria da Penha.<\/p>\n\n\n\n<p>A pris\u00e3o ocorreu na manh\u00e3 desta quarta-feira (22), no bairro do Centro, na pr\u00f3pria cidade.&nbsp;<\/p>\n\n\n\n<p>O agressor tinha acabado de usar uma faca para amea\u00e7ar de morte a ex-companheira de 21 anos, a qual tamb\u00e9m \u00e9 sua sobrinha paterna.<\/p>\n\n\n\n<p>Ambos conviveram em uni\u00e3o est\u00e1vel por cinco anos, e tiveram uma filha como fruto deste relacionamento.&nbsp;<\/p>\n\n\n\n<p>H\u00e1 um ano eles se separaram ap\u00f3s uma outra agress\u00e3o ocorrida no dia 20 de setembro de 2020.<\/p>\n\n\n\n<p>Na ocasi\u00e3o, o acusado desferiu tr\u00eas facadas na regi\u00e3o inferior do abd\u00f4men da v\u00edtima.<\/p>\n\n\n\n<p>Na manh\u00e3 de hoje, a v\u00edtima&nbsp; se dirigiu \u00e0 resid\u00eancia do agressor a fim de pegar sua filha, momento em que foi amea\u00e7ada de morte e foi ofendida com palavras de baixo cal\u00e3o.<\/p>\n\n\n\n<p>Imediatamente, a v\u00edtima noticiou o crime aos policiais civis de plant\u00e3o no Centro Intergrado de Seguran\u00e7a P\u00fablica (CISP) de Cra\u00edbas que conseguiram efetuar a pris\u00e3o do agressor em flagrante, tendo sido lavrado o respectivo auto de pris\u00e3o e remetido ao Juizado da Mulher da Comarca de Arapiraca.<\/p>\n\n\n\n<p>O agressor permanece preso \u00e0 disposi\u00e7\u00e3o da Justi\u00e7a.<\/p>\n\n\n\n<p>O delegado Guilherme Iusten destaca o excelente trabalho desenvolvido pela equipe do 62\u00baDP de Cra\u00edbas, bem como ressalta o apoio incondicional do gerente de Pol\u00edcia Judici\u00e1ria da Regi\u00e3o&nbsp;3 (GPJ-3), delegado M\u00e1rio Jorge Barros, do delegado-geral, Carlos Alberto Reis e do secret\u00e1rio de Seguran\u00e7a P\u00fablica, Alfredo Gaspar.<\/p>\n","protected":false},"excerpt":{"rendered":"<p>A Pol\u00edcia Civil de Alagoas, por meio da equipe do 62\u00ba Distrito Policial (62\u00b0DP) de Cra\u00edbas, coordenada<\/p>\n","protected":false},"author":1,"featured_media":16116,"comment_status":"open","ping_status":"open","sticky":false,"template":"","format":"standard","meta":{"footnotes":""},"categories":[60],"tags":[],"class_list":["post-16115","post","type-post","status-publish","format-standard","has-post-thumbnail","hentry","category-capa"],"_links":{"self":[{"href":"https:\/\/4cantosalagoas.com.br\/portal\/wp-json\/wp\/v2\/posts\/16115","targetHints":{"allow":["GET"]}}],"collection":[{"href":"https:\/\/4cantosalagoas.com.br\/portal\/wp-json\/wp\/v2\/posts"}],"about":[{"href":"https:\/\/4cantosalagoas.com.br\/portal\/wp-json\/wp\/v2\/types\/post"}],"author":[{"embeddable":true,"href":"https:\/\/4cantosalagoas.com.br\/portal\/wp-json\/wp\/v2\/users\/1"}],"replies":[{"embeddable":true,"href":"https:\/\/4cantosalagoas.com.br\/portal\/wp-json\/wp\/v2\/comments?post=16115"}],"version-history":[{"count":1,"href":"https:\/\/4cantosalagoas.com.br\/portal\/wp-json\/wp\/v2\/posts\/16115\/revisions"}],"predecessor-version":[{"id":16117,"href":"https:\/\/4cantosalagoas.com.br\/portal\/wp-json\/wp\/v2\/posts\/16115\/revisions\/16117"}],"wp:featuredmedia":[{"embeddable":true,"href":"https:\/\/4cantosalagoas.com.br\/portal\/wp-json\/wp\/v2\/media\/16116"}],"wp:attachment":[{"href":"https:\/\/4cantosalagoas.com.br\/portal\/wp-json\/wp\/v2\/media?parent=16115"}],"wp:term":[{"taxonomy":"category","embeddable":true,"href":"https:\/\/4cantosalagoas.com.br\/portal\/wp-json\/wp\/v2\/categories?post=16115"},{"taxonomy":"post_tag","embeddable":true,"href":"https:\/\/4cantosalagoas.com.br\/portal\/wp-json\/wp\/v2\/tags?post=16115"}],"curies":[{"name":"wp","href":"https:\/\/api.w.org\/{rel}","templated":true}]}}