{"id":16112,"date":"2021-09-21T19:05:47","date_gmt":"2021-09-21T22:05:47","guid":{"rendered":"http:\/\/4cantosalagoas.com.br\/portal\/?p=16112"},"modified":"2021-09-21T19:05:51","modified_gmt":"2021-09-21T22:05:51","slug":"ministerio-publico-recomenda-a-camara-municipal-apreciacao-imediata-da-ldo","status":"publish","type":"post","link":"https:\/\/4cantosalagoas.com.br\/portal\/ministerio-publico-recomenda-a-camara-municipal-apreciacao-imediata-da-ldo\/","title":{"rendered":"Minist\u00e9rio P\u00fablico recomenda \u00e0 C\u00e2mara Municipal aprecia\u00e7\u00e3o imediata da LDO"},"content":{"rendered":"\n<figure class=\"wp-block-image\"><img fetchpriority=\"high\" decoding=\"async\" width=\"1200\" height=\"950\" src=\"https:\/\/i0.wp.com\/4cantosalagoas.com.br\/portal\/wp-content\/uploads\/2021\/09\/Promotorias-1-1200x950.jpeg?fit=1024%2C811\" alt=\"\" class=\"wp-image-16113\" srcset=\"https:\/\/4cantosalagoas.com.br\/portal\/wp-content\/uploads\/2021\/09\/Promotorias-1-1200x950.jpeg 1200w, https:\/\/4cantosalagoas.com.br\/portal\/wp-content\/uploads\/2021\/09\/Promotorias-1-1200x950-300x238.jpeg 300w, https:\/\/4cantosalagoas.com.br\/portal\/wp-content\/uploads\/2021\/09\/Promotorias-1-1200x950-768x608.jpeg 768w, https:\/\/4cantosalagoas.com.br\/portal\/wp-content\/uploads\/2021\/09\/Promotorias-1-1200x950-1024x811.jpeg 1024w\" sizes=\"(max-width: 1200px) 100vw, 1200px\" \/><figcaption>Assessoria Minist\u00e9rio P\u00fablico <\/figcaption><\/figure>\n\n\n\n<p>O Minist\u00e9rio P\u00fablico do Estado de Alagoas recomendou, nessa segunda-feira (20), \u00e0 presid\u00eancia da C\u00e2mara Municipal de Macei\u00f3, que adote imediatamente medidas a fim de que a Lei de Diretrizes Or\u00e7ament\u00e1rias (LDO) seja apreciada, uma vez que ela \u00e9 a norma legal que antecede a constru\u00e7\u00e3o do or\u00e7amento geral para o exerc\u00edcio 2022. O referido projeto est\u00e1 parado naquele Legislativo desde maio deste ano. Caso o parlamento ignore a orienta\u00e7\u00e3o do MPAL, uma a\u00e7\u00e3o ser\u00e1 ajuizada, obrigando os vereadores a analisarem e votarem a LDO.<\/p>\n\n\n\n<p>A Recomenda\u00e7\u00e3o n\u00ba 06\/2021 foi expedida pela 15\u00aa Promotoria de Justi\u00e7a da capital, cuja titularidade \u00e9 da promotora Fernanda Moreira. \u201cA Mensagem n\u00ba 54\/21, onde consta a LDO, foi publicada no di\u00e1rio oficial no dia 17 de maio \u00faltimo, tendo chegado \u00e0 C\u00e2mara Municipal logo em seguida. Ou seja, j\u00e1 s\u00e3o quatro meses com o projeto parado, e isso imp\u00f5e dificuldades \u00e0 prefeitura para que ela possa elaborar a Lei Or\u00e7ament\u00e1ria Anual (LOA), pe\u00e7a importante que traz o planejamento&nbsp;de&nbsp;quanto e onde gastar o dinheiro p\u00fablico no per\u00edodo de um ano\u201d,&nbsp;explicou a promotora.<\/p>\n\n\n\n<p>\u201cVale lembrar que \u00e9 a LDO&nbsp;que&nbsp;define as prioridades que&nbsp;v\u00e3o&nbsp;nortear a Lei Or\u00e7ament\u00e1ria&nbsp;Anual&nbsp;e que, constitucionalmente, ela deve ser apresentada e votada no in\u00edcio do ano, enquanto&nbsp;a LOA, no segundo semestre.&nbsp;E isso ocorre porque o planejamento deve ser feito com anteced\u00eancia,&nbsp;no entanto, com essa demora&nbsp;da aprecia\u00e7\u00e3o por parte da C\u00e2mara, o or\u00e7amento do munic\u00edpio de Macei\u00f3 acaba sendo prejudicado\u201d,&nbsp;frisou Fernanda Moreira.<\/p>\n\n\n\n<p><strong>Aus\u00eancia de motiva\u00e7\u00e3o<\/strong><\/p>\n\n\n\n<p>Como o Legislativo j\u00e1 promoveu a audi\u00eancia p\u00fablica, uma exig\u00eancia legal para a an\u00e1lise da LDO,\u00a0a\u00a015\u00aa Promotoria de Justi\u00e7a da capital\u00a0v\u00ea \u201caus\u00eancia de motiva\u00e7\u00e3o\u201d para a n\u00e3o aprecia\u00e7\u00e3o da lei. Em raz\u00e3o disso, Fernanda Moreira deu prazo de cinco dias para que a presid\u00eancia da Casa de M\u00e1rio Guimar\u00e3es\u00a0informe se vai acatar a recomenda\u00e7\u00e3o ministerial, sob\u00a0pena da ado\u00e7\u00e3o de medidas judiciais que garantam a vota\u00e7\u00e3o da Lei de Diretrizes Or\u00e7ament\u00e1rias.<\/p>\n\n\n\n<p>Assessoria<\/p>\n","protected":false},"excerpt":{"rendered":"<p>O Minist\u00e9rio P\u00fablico do Estado de Alagoas recomendou, nessa segunda-feira (20), \u00e0 presid\u00eancia da C\u00e2mara Municipal de<\/p>\n","protected":false},"author":1,"featured_media":16113,"comment_status":"open","ping_status":"open","sticky":false,"template":"","format":"standard","meta":{"footnotes":""},"categories":[5],"tags":[],"class_list":["post-16112","post","type-post","status-publish","format-standard","has-post-thumbnail","hentry","category-maceio"],"_links":{"self":[{"href":"https:\/\/4cantosalagoas.com.br\/portal\/wp-json\/wp\/v2\/posts\/16112","targetHints":{"allow":["GET"]}}],"collection":[{"href":"https:\/\/4cantosalagoas.com.br\/portal\/wp-json\/wp\/v2\/posts"}],"about":[{"href":"https:\/\/4cantosalagoas.com.br\/portal\/wp-json\/wp\/v2\/types\/post"}],"author":[{"embeddable":true,"href":"https:\/\/4cantosalagoas.com.br\/portal\/wp-json\/wp\/v2\/users\/1"}],"replies":[{"embeddable":true,"href":"https:\/\/4cantosalagoas.com.br\/portal\/wp-json\/wp\/v2\/comments?post=16112"}],"version-history":[{"count":1,"href":"https:\/\/4cantosalagoas.com.br\/portal\/wp-json\/wp\/v2\/posts\/16112\/revisions"}],"predecessor-version":[{"id":16114,"href":"https:\/\/4cantosalagoas.com.br\/portal\/wp-json\/wp\/v2\/posts\/16112\/revisions\/16114"}],"wp:featuredmedia":[{"embeddable":true,"href":"https:\/\/4cantosalagoas.com.br\/portal\/wp-json\/wp\/v2\/media\/16113"}],"wp:attachment":[{"href":"https:\/\/4cantosalagoas.com.br\/portal\/wp-json\/wp\/v2\/media?parent=16112"}],"wp:term":[{"taxonomy":"category","embeddable":true,"href":"https:\/\/4cantosalagoas.com.br\/portal\/wp-json\/wp\/v2\/categories?post=16112"},{"taxonomy":"post_tag","embeddable":true,"href":"https:\/\/4cantosalagoas.com.br\/portal\/wp-json\/wp\/v2\/tags?post=16112"}],"curies":[{"name":"wp","href":"https:\/\/api.w.org\/{rel}","templated":true}]}}