{"id":16089,"date":"2021-09-20T08:49:17","date_gmt":"2021-09-20T11:49:17","guid":{"rendered":"http:\/\/4cantosalagoas.com.br\/portal\/?p=16089"},"modified":"2021-09-20T08:49:21","modified_gmt":"2021-09-20T11:49:21","slug":"setembro-vermelho-conheca-os-fatores-de-risco-e-o-que-fazer-para-prevenir-doencas-cardiovasculares","status":"publish","type":"post","link":"https:\/\/4cantosalagoas.com.br\/portal\/setembro-vermelho-conheca-os-fatores-de-risco-e-o-que-fazer-para-prevenir-doencas-cardiovasculares\/","title":{"rendered":"Setembro Vermelho: conhe\u00e7a os fatores de risco e o que fazer para prevenir doen\u00e7as cardiovasculares"},"content":{"rendered":"\n<figure class=\"wp-block-image\"><img fetchpriority=\"high\" decoding=\"async\" width=\"1051\" height=\"790\" src=\"https:\/\/i2.wp.com\/4cantosalagoas.com.br\/portal\/wp-content\/uploads\/2021\/09\/p.jpg?fit=1024%2C770\" alt=\"\" class=\"wp-image-16090\" srcset=\"https:\/\/4cantosalagoas.com.br\/portal\/wp-content\/uploads\/2021\/09\/p.jpg 1051w, https:\/\/4cantosalagoas.com.br\/portal\/wp-content\/uploads\/2021\/09\/p-300x225.jpg 300w, https:\/\/4cantosalagoas.com.br\/portal\/wp-content\/uploads\/2021\/09\/p-768x577.jpg 768w, https:\/\/4cantosalagoas.com.br\/portal\/wp-content\/uploads\/2021\/09\/p-1024x770.jpg 1024w\" sizes=\"(max-width: 1051px) 100vw, 1051px\" \/><figcaption>Assessoria<\/figcaption><\/figure>\n\n\n\n<p>O m\u00eas de setembro \u00e9 nacionalmente conhecido por ser o m\u00eas de combate \u00e0s doen\u00e7as cardiovasculares e as a\u00e7\u00f5es de conscientiza\u00e7\u00e3o se tornam cada vez mais importantes, afinal, patologias relacionadas ao cora\u00e7\u00e3o s\u00e3o as que mais matam no mundo, de acordo com dados da Organiza\u00e7\u00e3o Mundial da Sa\u00fade (OMS). A Sociedade Brasileira de Cardiologia (SBC) estima que s\u00e3o mais de 1100 \u00f3bitos por dia no pa\u00eds, cerca de 46 por hora e 1 morte a cada 90 segundos.<\/p>\n\n\n\n<p>O Dr. Jos\u00e9 da Silva Leit\u00e3o, cirurgi\u00e3o cardiovascular do Sistema Hapvida Macei\u00f3, afirma que \u00e9 poss\u00edvel prevenir o aparecimento das doen\u00e7as cardiovasculares com a ado\u00e7\u00e3o de h\u00e1bitos saud\u00e1veis e que \u00e9 preciso, sobretudo, atuar na preven\u00e7\u00e3o.<\/p>\n\n\n\n<p><strong>Entendendo os fatores de risco<\/strong><\/p>\n\n\n\n<p>Doen\u00e7a cardiovascular \u00e9 um termo gen\u00e9rico utilizado para designar patologias que afetam o cora\u00e7\u00e3o e\/ou os vasos sangu\u00edneos. \u201cExistem v\u00e1rios tipos de doen\u00e7as cardiovasculares, mas as mais comuns s\u00e3o a hipertens\u00e3o arterial sist\u00eamica, o infarto agudo do mioc\u00e1rdio, o acidente vascular cerebral, a doen\u00e7a arterial obstrutiva perif\u00e9rica e a insufici\u00eancia card\u00edaca\u201d, explica o m\u00e9dico.<\/p>\n\n\n\n<p>Os sintomas podem variar de acordo com cada paciente, mas os mais comuns s\u00e3o falta de ar, dor no peito, palpita\u00e7\u00f5es, tontura e cansa\u00e7o excessivo sem causa aparente.<\/p>\n\n\n\n<p>A maioria das doen\u00e7as, segundo o Dr. Leit\u00e3o, pode ser prevenida. Para isso, \u00e9 preciso ficar atento e conhecer os principais fatores de risco. \u201cS\u00e3o eles: obesidade, sedentarismo, tabagismo, estresse e colesterol alto\u201d, elenca o cirurgi\u00e3o do Sistema Hapvida Macei\u00f3.<\/p>\n\n\n\n<p>O m\u00e9dico tamb\u00e9m recomenda evitar o consumo de carboidratos e alimentos enlatados, com n\u00edveis elevados de s\u00f3dio, e aumentar a ingest\u00e3o de frutas e vegetais.<\/p>\n\n\n\n<p><strong>O papel da gen\u00e9tica<\/strong><\/p>\n\n\n\n<p>O especialista alerta, tamb\u00e9m, para a gen\u00e9tica, normalmente interligada ao hist\u00f3rico de morte s\u00fabita na fam\u00edlia. \u201cNeste caso, \u00e9 preciso redobrar a aten\u00e7\u00e3o e ficar ainda mais atento, exigindo, mesmo em pessoas muito jovens ou em atletas, por exemplo, avalia\u00e7\u00e3o cardiol\u00f3gica peri\u00f3dica\u201d.<\/p>\n\n\n\n<p>As principais doen\u00e7as cardiovasculares de origem gen\u00e9tica s\u00e3o as cardiomiopatias, condi\u00e7\u00e3o que se refere a dilata\u00e7\u00e3o progressiva da musculatura do cora\u00e7\u00e3o, as arritmias, caracterizadas pela frequ\u00eancia card\u00edaca anormal; as doen\u00e7as da aorta, como o aneurisma; e a hipercolesterolemia familiar, disfun\u00e7\u00e3o que causa a eleva\u00e7\u00e3o significativa do colesterol.<\/p>\n\n\n\n<p>\u201cTome uma atitude e d\u00ea a aten\u00e7\u00e3o que o seu cora\u00e7\u00e3o merece. Para cuidar da sa\u00fade, n\u00e3o existe idade. Consulte um cardiologista periodicamente. O melhor tratamento \u00e9 a preven\u00e7\u00e3o\u201d, conclui Dr. Jos\u00e9 da Silva Leit\u00e3o.<\/p>\n\n\n\n<p>Assessoria<\/p>\n","protected":false},"excerpt":{"rendered":"<p>O m\u00eas de setembro \u00e9 nacionalmente conhecido por ser o m\u00eas de combate \u00e0s doen\u00e7as cardiovasculares e<\/p>\n","protected":false},"author":1,"featured_media":16090,"comment_status":"open","ping_status":"open","sticky":false,"template":"","format":"standard","meta":{"footnotes":""},"categories":[60],"tags":[],"class_list":["post-16089","post","type-post","status-publish","format-standard","has-post-thumbnail","hentry","category-capa"],"_links":{"self":[{"href":"https:\/\/4cantosalagoas.com.br\/portal\/wp-json\/wp\/v2\/posts\/16089","targetHints":{"allow":["GET"]}}],"collection":[{"href":"https:\/\/4cantosalagoas.com.br\/portal\/wp-json\/wp\/v2\/posts"}],"about":[{"href":"https:\/\/4cantosalagoas.com.br\/portal\/wp-json\/wp\/v2\/types\/post"}],"author":[{"embeddable":true,"href":"https:\/\/4cantosalagoas.com.br\/portal\/wp-json\/wp\/v2\/users\/1"}],"replies":[{"embeddable":true,"href":"https:\/\/4cantosalagoas.com.br\/portal\/wp-json\/wp\/v2\/comments?post=16089"}],"version-history":[{"count":1,"href":"https:\/\/4cantosalagoas.com.br\/portal\/wp-json\/wp\/v2\/posts\/16089\/revisions"}],"predecessor-version":[{"id":16091,"href":"https:\/\/4cantosalagoas.com.br\/portal\/wp-json\/wp\/v2\/posts\/16089\/revisions\/16091"}],"wp:featuredmedia":[{"embeddable":true,"href":"https:\/\/4cantosalagoas.com.br\/portal\/wp-json\/wp\/v2\/media\/16090"}],"wp:attachment":[{"href":"https:\/\/4cantosalagoas.com.br\/portal\/wp-json\/wp\/v2\/media?parent=16089"}],"wp:term":[{"taxonomy":"category","embeddable":true,"href":"https:\/\/4cantosalagoas.com.br\/portal\/wp-json\/wp\/v2\/categories?post=16089"},{"taxonomy":"post_tag","embeddable":true,"href":"https:\/\/4cantosalagoas.com.br\/portal\/wp-json\/wp\/v2\/tags?post=16089"}],"curies":[{"name":"wp","href":"https:\/\/api.w.org\/{rel}","templated":true}]}}