{"id":16086,"date":"2021-09-20T08:31:31","date_gmt":"2021-09-20T11:31:31","guid":{"rendered":"http:\/\/4cantosalagoas.com.br\/portal\/?p=16086"},"modified":"2021-09-20T08:31:35","modified_gmt":"2021-09-20T11:31:35","slug":"o-cantor-paraibano-naldinho-freire-relanca-o-lp-lapidar-de-forma-digital-em-live-no-dia-24-de-setembro","status":"publish","type":"post","link":"https:\/\/4cantosalagoas.com.br\/portal\/o-cantor-paraibano-naldinho-freire-relanca-o-lp-lapidar-de-forma-digital-em-live-no-dia-24-de-setembro\/","title":{"rendered":"O cantor paraibano Naldinho Freire relan\u00e7a o LP LAPIDAR de forma digital em live no dia 24 de setembro"},"content":{"rendered":"\n<figure class=\"wp-block-image\"><img fetchpriority=\"high\" decoding=\"async\" width=\"1190\" height=\"783\" src=\"https:\/\/i2.wp.com\/4cantosalagoas.com.br\/portal\/wp-content\/uploads\/2021\/09\/9i.jpg?fit=1024%2C674\" alt=\"\" class=\"wp-image-16087\" srcset=\"https:\/\/4cantosalagoas.com.br\/portal\/wp-content\/uploads\/2021\/09\/9i.jpg 1190w, https:\/\/4cantosalagoas.com.br\/portal\/wp-content\/uploads\/2021\/09\/9i-300x197.jpg 300w, https:\/\/4cantosalagoas.com.br\/portal\/wp-content\/uploads\/2021\/09\/9i-768x505.jpg 768w, https:\/\/4cantosalagoas.com.br\/portal\/wp-content\/uploads\/2021\/09\/9i-1024x674.jpg 1024w\" sizes=\"(max-width: 1190px) 100vw, 1190px\" \/><figcaption>Assessoria<\/figcaption><\/figure>\n\n\n\n<p> O cantautor paraibano Naldinho Freire vai realizar uma live no dia 24 de setembro as 19 h com o intuito de relan\u00e7ar o \u00e1lbum LAPIDAR \u00a0nas plataformas digitais, pelo selo Caravela Records com distribui\u00e7\u00e3o da Warner Music Brasil, e tamb\u00e9m para contar um pouco sobre sua trajet\u00f3ria e sobre as primeiras composi\u00e7\u00f5es. A transmiss\u00e3o \u00e9 gratuita pelo canal Naldinho Freire Oficial no youtube.<br><\/p>\n\n\n\n<p>O repert\u00f3rio de Naldinho conta com 8 m\u00fasicas em voz e viol\u00e3o e tem dura\u00e7\u00e3o de 1 hora. Lan\u00e7ado pela primeira vez em 1995, O LP LAPIDAR cont\u00e9m 10 faixas que falam sobre sua viv\u00eancia cultural no bairro em que nasceu, em Jo\u00e3o Pessoa, e suas experi\u00eancias e anseios como um jovem artista na busca da constru\u00e7\u00e3o de uma arte transformadora.<br><\/p>\n\n\n\n<p>Para Naldinho, o momento \u00e9 de felicidade em poder lan\u00e7ar o LP de uma forma mais acess\u00edvel buscando trazer a tona suas viv\u00eancias dos anos 90 em contrapartida ao momento vivenciado hoje de pandemia: &#8220;As minhas expectativas s\u00e3o as melhores em trazer essa viv\u00eancia para esse momento \u00a0que estou vivendo, principalmente por se tratar de uma pandemia, me reconectando com o per\u00edodo em que vivi nos anos 90. Espero que as pessoas gostem dessa remasteriza\u00e7\u00e3o, tanto as que possuem o LP e poder\u00e3o ter um acesso melhor, quanto as que ainda n\u00e3o conhecem meu trabalho&#8221;.<br><\/p>\n\n\n\n<p>Lan\u00e7ar LAPIDAR de forma digital \u00e9 dar mais acesso ao p\u00fablico de poder conhecer o in\u00edcio da carreira do cantor e de expandir ainda mais o seu trabalho, uma vez que a internet \u00e9 um dos caminhos que sempre est\u00e1 crescendo e em que todos est\u00e3o inseridos. \u00c9 um novo contexto de lan\u00e7amento comparado ao que se tinha no ano de 1995.<br>A carreira de Naldinho Freire registra um vinil, tr\u00eas CDs, um DVD, <\/p>\n\n\n\n<p>participa\u00e7\u00f5es em colet\u00e2neas m\u00fasicas, concertos em v\u00e1rias cidades do Brasil e europeias. No ano de 2019, em Bel\u00e9m do Par\u00e1, lan\u00e7ou o seu quarto \u00e1lbum de t\u00edtulo \u201csem chumbo nos p\u00e9s\u201d, e realizou turn\u00ea pelo Nordeste e Sudeste do Brasil, al\u00e9m de apresent\u00e1-lo em Cabo Verde, na \u00a0Argentina e em Portugal. <\/p>\n\n\n\n<p>Assessoria<\/p>\n","protected":false},"excerpt":{"rendered":"<p>O cantautor paraibano Naldinho Freire vai realizar uma live no dia 24 de setembro as 19 h<\/p>\n","protected":false},"author":1,"featured_media":16087,"comment_status":"open","ping_status":"open","sticky":false,"template":"","format":"standard","meta":{"footnotes":""},"categories":[60],"tags":[],"class_list":["post-16086","post","type-post","status-publish","format-standard","has-post-thumbnail","hentry","category-capa"],"_links":{"self":[{"href":"https:\/\/4cantosalagoas.com.br\/portal\/wp-json\/wp\/v2\/posts\/16086","targetHints":{"allow":["GET"]}}],"collection":[{"href":"https:\/\/4cantosalagoas.com.br\/portal\/wp-json\/wp\/v2\/posts"}],"about":[{"href":"https:\/\/4cantosalagoas.com.br\/portal\/wp-json\/wp\/v2\/types\/post"}],"author":[{"embeddable":true,"href":"https:\/\/4cantosalagoas.com.br\/portal\/wp-json\/wp\/v2\/users\/1"}],"replies":[{"embeddable":true,"href":"https:\/\/4cantosalagoas.com.br\/portal\/wp-json\/wp\/v2\/comments?post=16086"}],"version-history":[{"count":1,"href":"https:\/\/4cantosalagoas.com.br\/portal\/wp-json\/wp\/v2\/posts\/16086\/revisions"}],"predecessor-version":[{"id":16088,"href":"https:\/\/4cantosalagoas.com.br\/portal\/wp-json\/wp\/v2\/posts\/16086\/revisions\/16088"}],"wp:featuredmedia":[{"embeddable":true,"href":"https:\/\/4cantosalagoas.com.br\/portal\/wp-json\/wp\/v2\/media\/16087"}],"wp:attachment":[{"href":"https:\/\/4cantosalagoas.com.br\/portal\/wp-json\/wp\/v2\/media?parent=16086"}],"wp:term":[{"taxonomy":"category","embeddable":true,"href":"https:\/\/4cantosalagoas.com.br\/portal\/wp-json\/wp\/v2\/categories?post=16086"},{"taxonomy":"post_tag","embeddable":true,"href":"https:\/\/4cantosalagoas.com.br\/portal\/wp-json\/wp\/v2\/tags?post=16086"}],"curies":[{"name":"wp","href":"https:\/\/api.w.org\/{rel}","templated":true}]}}