{"id":16066,"date":"2021-09-17T08:08:57","date_gmt":"2021-09-17T11:08:57","guid":{"rendered":"http:\/\/4cantosalagoas.com.br\/portal\/?p=16066"},"modified":"2021-09-17T08:09:01","modified_gmt":"2021-09-17T11:09:01","slug":"maceio-retoma-vacinacao-de-adolescentes-sem-comorbidades-nesta-sexta-17","status":"publish","type":"post","link":"https:\/\/4cantosalagoas.com.br\/portal\/maceio-retoma-vacinacao-de-adolescentes-sem-comorbidades-nesta-sexta-17\/","title":{"rendered":"Macei\u00f3 retoma vacina\u00e7\u00e3o de adolescentes sem comorbidades nesta sexta (17)"},"content":{"rendered":"\n<figure class=\"wp-block-image\"><img fetchpriority=\"high\" decoding=\"async\" width=\"1024\" height=\"683\" src=\"http:\/\/4cantosalagoas.com.br\/portal\/wp-content\/uploads\/2021\/09\/88-1024x683.jpg\" alt=\"\" class=\"wp-image-16013\" srcset=\"https:\/\/4cantosalagoas.com.br\/portal\/wp-content\/uploads\/2021\/09\/88-1024x683.jpg 1024w, https:\/\/4cantosalagoas.com.br\/portal\/wp-content\/uploads\/2021\/09\/88-300x200.jpg 300w, https:\/\/4cantosalagoas.com.br\/portal\/wp-content\/uploads\/2021\/09\/88-768x513.jpg 768w, https:\/\/4cantosalagoas.com.br\/portal\/wp-content\/uploads\/2021\/09\/88.jpg 1536w\" sizes=\"(max-width: 1024px) 100vw, 1024px\" \/><figcaption>Foto: Secom Macei\u00f3 <\/figcaption><\/figure>\n\n\n\n<p>A Secretaria de Sa\u00fade de Macei\u00f3 retoma, a partir das 9h desta sexta-feira (17), a vacina\u00e7\u00e3o de adolescentes dos 12 aos 17 anos sem comorbidades, independente de letra inicial do nome.<\/p>\n\n\n\n<p>Com isso, todos os adolescentes de 12 anos sem comorbidades poder\u00e3o se vacinar nos oito pontos de vacina\u00e7\u00e3o distribu\u00eddos pela capital. Os drive-thrus de Jaragu\u00e1 e Serraria e os shoppings Macei\u00f3 (Mangabeiras) e P\u00e1tio (Cidade Universit\u00e1ria) funcionar\u00e3o das 9h \u00e0s 21h. J\u00e1 na Pra\u00e7a Padre C\u00edcero (Benedito Bentes), Terminal do Osman Loureiro (Clima Bom), Pap\u00f3dromo (Vergel) e Gin\u00e1sio Arivaldo Maia (Jacintinho) o funcionamento \u00e9 das 9h \u00e0s 16h.<\/p>\n\n\n\n<p>Adolescentes de 12 a 17 anos com comorbidades ou defici\u00eancia, al\u00e9m de gr\u00e1vidas e pu\u00e9rperas nessa faixa et\u00e1ria com prescri\u00e7\u00e3o m\u00e9dica tamb\u00e9m podem receber a primeira dose da vacina em qualquer um dos oito pontos fixos. Os demais p\u00fablicos remanescentes tamb\u00e9m podem se vacinar.<\/p>\n\n\n\n<p>O Munic\u00edpio refor\u00e7a que a prioridade \u00e9 sempre resguardar vidas e que foram utilizados na imuniza\u00e7\u00e3o dos jovens de 12 a 17 anos apenas o imunizante aprovado pela Ag\u00eancia Nacional de Vigil\u00e2ncia Sanit\u00e1ria (Anvisa), Pfizer.<\/p>\n\n\n\n<p>\u201cVamos dar continuidade \u00e0 vacina\u00e7\u00e3o desses adolescentes levando em considera\u00e7\u00e3o que o pr\u00f3prio Minist\u00e9rio da Sa\u00fade e a Anvisa liberaram a vacina\u00e7\u00e3o com o imunizante da Pfizer, que \u00e9 o que estamos utilizando. Macei\u00f3 segue pronta para vacinar a popula\u00e7\u00e3o com responsabilidade e cuidado, sempre prezando pelas vidas e agindo com responsabilidade e cuidado\u201d, enfatizou o coordenador do Gabinete de Gest\u00e3o Integrada para Enfrentamento da Covid-19, Claydson Moura.<\/p>\n\n\n\n<p>Secom Macei\u00f3<\/p>\n","protected":false},"excerpt":{"rendered":"<p>A Secretaria de Sa\u00fade de Macei\u00f3 retoma, a partir das 9h desta sexta-feira (17), a vacina\u00e7\u00e3o de<\/p>\n","protected":false},"author":1,"featured_media":16013,"comment_status":"open","ping_status":"open","sticky":false,"template":"","format":"standard","meta":{"footnotes":""},"categories":[60],"tags":[],"class_list":["post-16066","post","type-post","status-publish","format-standard","has-post-thumbnail","hentry","category-capa"],"_links":{"self":[{"href":"https:\/\/4cantosalagoas.com.br\/portal\/wp-json\/wp\/v2\/posts\/16066","targetHints":{"allow":["GET"]}}],"collection":[{"href":"https:\/\/4cantosalagoas.com.br\/portal\/wp-json\/wp\/v2\/posts"}],"about":[{"href":"https:\/\/4cantosalagoas.com.br\/portal\/wp-json\/wp\/v2\/types\/post"}],"author":[{"embeddable":true,"href":"https:\/\/4cantosalagoas.com.br\/portal\/wp-json\/wp\/v2\/users\/1"}],"replies":[{"embeddable":true,"href":"https:\/\/4cantosalagoas.com.br\/portal\/wp-json\/wp\/v2\/comments?post=16066"}],"version-history":[{"count":1,"href":"https:\/\/4cantosalagoas.com.br\/portal\/wp-json\/wp\/v2\/posts\/16066\/revisions"}],"predecessor-version":[{"id":16067,"href":"https:\/\/4cantosalagoas.com.br\/portal\/wp-json\/wp\/v2\/posts\/16066\/revisions\/16067"}],"wp:featuredmedia":[{"embeddable":true,"href":"https:\/\/4cantosalagoas.com.br\/portal\/wp-json\/wp\/v2\/media\/16013"}],"wp:attachment":[{"href":"https:\/\/4cantosalagoas.com.br\/portal\/wp-json\/wp\/v2\/media?parent=16066"}],"wp:term":[{"taxonomy":"category","embeddable":true,"href":"https:\/\/4cantosalagoas.com.br\/portal\/wp-json\/wp\/v2\/categories?post=16066"},{"taxonomy":"post_tag","embeddable":true,"href":"https:\/\/4cantosalagoas.com.br\/portal\/wp-json\/wp\/v2\/tags?post=16066"}],"curies":[{"name":"wp","href":"https:\/\/api.w.org\/{rel}","templated":true}]}}