{"id":16026,"date":"2021-09-13T08:01:05","date_gmt":"2021-09-13T11:01:05","guid":{"rendered":"http:\/\/4cantosalagoas.com.br\/portal\/?p=16026"},"modified":"2021-09-13T08:01:12","modified_gmt":"2021-09-13T11:01:12","slug":"smtt-amplia-linhas-durante-paralisacao-da-veleiro","status":"publish","type":"post","link":"https:\/\/4cantosalagoas.com.br\/portal\/smtt-amplia-linhas-durante-paralisacao-da-veleiro\/","title":{"rendered":"SMTT amplia linhas durante paralisa\u00e7\u00e3o da Veleiro"},"content":{"rendered":"\n<figure class=\"wp-block-image\"><img fetchpriority=\"high\" decoding=\"async\" width=\"730\" height=\"548\" src=\"http:\/\/4cantosalagoas.com.br\/portal\/wp-content\/uploads\/2021\/09\/92.jpeg\" alt=\"\" class=\"wp-image-16027\" srcset=\"https:\/\/4cantosalagoas.com.br\/portal\/wp-content\/uploads\/2021\/09\/92.jpeg 730w, https:\/\/4cantosalagoas.com.br\/portal\/wp-content\/uploads\/2021\/09\/92-300x225.jpeg 300w\" sizes=\"(max-width: 730px) 100vw, 730px\" \/><figcaption> <br><em><strong class=\"\">Altera\u00e7\u00f5es nas linhas funcionam em car\u00e1ter tempor\u00e1rio. Foto: SMTT<\/strong><\/em> <\/figcaption><\/figure>\n\n\n\n<p>A Superintend\u00eancia Municipal de Transportes e Tr\u00e2nsito (SMTT) informa que linhas de \u00f4nibus ir\u00e3o ampliar os itiner\u00e1rios durante a paralisa\u00e7\u00e3o dos trabalhadores da empresa Veleiro. As novas medidas passam a valer, a partir desta segunda- feira (13), em car\u00e1ter tempor\u00e1rio, para que os usu\u00e1rios do Sistema Integrado de Mobilidade de Macei\u00f3 (SIMM) n\u00e3o sejam prejudicados.<\/p>\n\n\n\n<p>Os novos atendimentos foram necess\u00e1rios para ampliar os servi\u00e7os para os passageiros que t\u00eam como destinos os seguintes bairros: Ponta Grossa, Prado, Joaquim Le\u00e3o e Trapiche.<\/p>\n\n\n\n<p><strong>Confira as linhas que tiveram os itiner\u00e1rios alterados:<\/strong><\/p>\n\n\n\n<p>Linhas 022 \u2013 S\u00c3O JORGE\/MERCADO, e 035 \u2013 OURO PRETO\/MERCADO (Lote 100 \u2013 CIDADE DE MACEI\u00d3):<br>*IDA: Terminal do Mercado, Rua Jo\u00e3o Calheiros Gato, Rua Santo Ant\u00f4nio, Rua Paysandu, Rua Marqu\u00eas<br>de Pombal, Av. Vila Kennedy A, Rua Formosa, Av. Gov. Teobaldo Barbosa, Av. Ministro M\u00e1rio Andreazza,<br>Av. Senador Rui Palmeira, Av. Siqueira Campos, Rua Oseas Rosas, Terminal do Trapiche;<\/p>\n\n\n\n<p>*VOLTA: Terminal do Trapiche, Av. Senador Rui Palmeira, Av. Ministro M\u00e1rio Andreazza, Av. Gov. Teobaldo<br>Barbosa, Rua Formosa, Av. Vila Kennedy A, Rua Marqu\u00eas de Pombal, Rua Paysandu, Rua Santo Ant\u00f4nio,<br>Av. Professor Loureiro, Rua Formosa, \u2026<\/p>\n\n\n\n<p>Linha 051 \u2013 SANTOS DUMONT\/CENTRO (LOTE 200 \u2013 S\u00c3O FRANCISCO):<br>*IDA: Rua do Cear\u00e1, Rua Dr. Virg\u00edlio Guedes, Rua Cabo Reis, Rua Formosa, Av. Senador Rui Palmeira;<\/p>\n\n\n\n<p>*VOLTA: Av. Senador Rui Palmeira, Av. Ministro M\u00e1rio Andreazza, Av. Gov. Teobaldo Barbosa, Rua Cabo Reis,<br>Rua Dr. Virg\u00edlio Guedes, Rua Comendador Teixeira Bastos, Av. Vieira Perdig\u00e3o (Pra\u00e7a do Pirulito) \u2026<\/p>\n\n\n\n<p>Linha 104 \u2013BENEDITO BENTES\/TRAPICHE (LOTE 400 \u2013 REAL ALAGOAS)<br>*IDA: Rua Formosa, Rua Gov. Teobaldo Barbosa, Rua Min. M\u00e1rio Andreazza, Av. Sen. Rui Palmeira,<br>*VOLTA: Av. Sen. Rui Palmeira, Av. Siqueira Campos, \u2026<\/p>\n\n\n\n<p>O Pontal continua com os atendimentos realizados com a amplia\u00e7\u00e3o das seguintes linhas, conforme medida tomada na \u00faltima sexta-feira (10).<\/p>\n\n\n\n<p>Empresa S\u00e3o Francisco linha 102- Jo\u00e3o Sampaio- Trapiche<\/p>\n\n\n\n<p>Empresa Cidade de Macei\u00f3 linha 226- Ipioca Trapiche<\/p>\n\n\n\n<p>Empresa Real Alagoas linha 230- Forene Trapiche.<\/p>\n\n\n\n<p>Os \u00f4nibus ter\u00e3o uma idenfica\u00e7\u00e3o no parabrisa dos ve\u00edculos indicando que seguem para o Pontal.<\/p>\n\n\n\n<p>J\u00e1 com rela\u00e7\u00e3o ao Vergel, a localidade segue com as linhas refor\u00e7adas de empresas que operam na regi\u00e3o, assim como outros pontos da capital que s\u00e3o atendidos pela empresa Veleiro.<\/p>\n\n\n\n<p>O \u00f3rg\u00e3o municipal refor\u00e7a que a medida \u00e9 emergencial, para garantir aos maceioenses o acesso ao transporte p\u00fablico.<\/p>\n\n\n\n<p>Ascom SMTT<\/p>\n","protected":false},"excerpt":{"rendered":"<p>A Superintend\u00eancia Municipal de Transportes e Tr\u00e2nsito (SMTT) informa que linhas de \u00f4nibus ir\u00e3o ampliar os itiner\u00e1rios<\/p>\n","protected":false},"author":1,"featured_media":16027,"comment_status":"open","ping_status":"open","sticky":false,"template":"","format":"standard","meta":{"footnotes":""},"categories":[5],"tags":[],"class_list":["post-16026","post","type-post","status-publish","format-standard","has-post-thumbnail","hentry","category-maceio"],"_links":{"self":[{"href":"https:\/\/4cantosalagoas.com.br\/portal\/wp-json\/wp\/v2\/posts\/16026","targetHints":{"allow":["GET"]}}],"collection":[{"href":"https:\/\/4cantosalagoas.com.br\/portal\/wp-json\/wp\/v2\/posts"}],"about":[{"href":"https:\/\/4cantosalagoas.com.br\/portal\/wp-json\/wp\/v2\/types\/post"}],"author":[{"embeddable":true,"href":"https:\/\/4cantosalagoas.com.br\/portal\/wp-json\/wp\/v2\/users\/1"}],"replies":[{"embeddable":true,"href":"https:\/\/4cantosalagoas.com.br\/portal\/wp-json\/wp\/v2\/comments?post=16026"}],"version-history":[{"count":1,"href":"https:\/\/4cantosalagoas.com.br\/portal\/wp-json\/wp\/v2\/posts\/16026\/revisions"}],"predecessor-version":[{"id":16028,"href":"https:\/\/4cantosalagoas.com.br\/portal\/wp-json\/wp\/v2\/posts\/16026\/revisions\/16028"}],"wp:featuredmedia":[{"embeddable":true,"href":"https:\/\/4cantosalagoas.com.br\/portal\/wp-json\/wp\/v2\/media\/16027"}],"wp:attachment":[{"href":"https:\/\/4cantosalagoas.com.br\/portal\/wp-json\/wp\/v2\/media?parent=16026"}],"wp:term":[{"taxonomy":"category","embeddable":true,"href":"https:\/\/4cantosalagoas.com.br\/portal\/wp-json\/wp\/v2\/categories?post=16026"},{"taxonomy":"post_tag","embeddable":true,"href":"https:\/\/4cantosalagoas.com.br\/portal\/wp-json\/wp\/v2\/tags?post=16026"}],"curies":[{"name":"wp","href":"https:\/\/api.w.org\/{rel}","templated":true}]}}