{"id":16023,"date":"2021-09-13T07:57:12","date_gmt":"2021-09-13T10:57:12","guid":{"rendered":"http:\/\/4cantosalagoas.com.br\/portal\/?p=16023"},"modified":"2021-09-13T07:57:17","modified_gmt":"2021-09-13T10:57:17","slug":"maceio-inicia-vacinacao-de-adolescentes-de-13-anos-nesta-segunda-feira-13","status":"publish","type":"post","link":"https:\/\/4cantosalagoas.com.br\/portal\/maceio-inicia-vacinacao-de-adolescentes-de-13-anos-nesta-segunda-feira-13\/","title":{"rendered":"Macei\u00f3 inicia vacina\u00e7\u00e3o de adolescentes de 13 anos nesta segunda-feira (13)"},"content":{"rendered":"\n<figure class=\"wp-block-image\"><img fetchpriority=\"high\" decoding=\"async\" width=\"1024\" height=\"683\" src=\"https:\/\/i0.wp.com\/4cantosalagoas.com.br\/portal\/wp-content\/uploads\/2021\/09\/91.jpg?fit=1024%2C683\" alt=\"\" class=\"wp-image-16024\" srcset=\"https:\/\/4cantosalagoas.com.br\/portal\/wp-content\/uploads\/2021\/09\/91.jpg 1024w, https:\/\/4cantosalagoas.com.br\/portal\/wp-content\/uploads\/2021\/09\/91-300x200.jpg 300w, https:\/\/4cantosalagoas.com.br\/portal\/wp-content\/uploads\/2021\/09\/91-768x512.jpg 768w\" sizes=\"(max-width: 1024px) 100vw, 1024px\" \/><figcaption> <br>Imuniza\u00e7\u00e3o contra a Covid-19 em Macei\u00f3. Foto: Gabriel Moreira\/Secom Macei\u00f3 <\/figcaption><\/figure>\n\n\n\n<p>A Prefeitura de Macei\u00f3 inicia a semana com novo p\u00fablico para a vacina\u00e7\u00e3o contra a Covid-19. Nesta segunda-feira (13), a primeira dose estar\u00e1 dispon\u00edvel para os adolescentes de 13 anos com nomes iniciados pelas letras de A a G. A vacina estar\u00e1 dispon\u00edvel nos oito pontos fixos de vacina\u00e7\u00e3o no hor\u00e1rio das 9h \u00e0s 16h.<\/p>\n\n\n\n<p>A popula\u00e7\u00e3o de 12 a 17 anos com comorbidades ou com defici\u00eancia permanente tamb\u00e9m j\u00e1 pode se vacinar, assim como as gr\u00e1vidas e pu\u00e9rperas dessa faixa et\u00e1ria, desde que apresentem prescri\u00e7\u00e3o m\u00e9dica. Tamb\u00e9m j\u00e1 podem se vacinar adolescentes privados de liberdade.<\/p>\n\n\n\n<p>A popula\u00e7\u00e3o remanescente dos demais grupos et\u00e1rios ou preferenciais que n\u00e3o tenha tomado a primeira dose pode se vacinar em qualquer ponto.<\/p>\n\n\n\n<p>Os pontos fixos de vacina\u00e7\u00e3o funcionam nos drive-thrus de Jaragu\u00e1 e Justi\u00e7a Federal (Serraria), nos shoppings Macei\u00f3 (Mangabeiras) e P\u00e1tio (Cidade Universit\u00e1ria), Pra\u00e7a Padre C\u00edcero (Benedito Bentes), Terminal do Osman Loureiro (Clima Bom), Pap\u00f3dromo (Vergel) e Gin\u00e1sio Arivaldo Maia (Jacintinho).<\/p>\n\n\n\n<p>Adolescentes de 12 a 15 anos t\u00eam que ir ao local de vacina\u00e7\u00e3o acompanhados de pai, m\u00e3e ou respons\u00e1vel legal e na aus\u00eancia destes, de um adulto com declara\u00e7\u00e3o de autoriza\u00e7\u00e3o assinada pelos pais, podendo ser escrita \u00e0 m\u00e3o.<\/p>\n\n\n\n<p>A segunda dose das vacinas Astrazeneca ou Pfizer pode ser antecipada em at\u00e9 dez dias.<\/p>\n\n\n\n<p><strong>Documentos necess\u00e1rios<\/strong><\/p>\n\n\n\n<p>Para se vacinar com a primeira dose, \u00e9 necess\u00e1rio apresentar certid\u00e3o de nascimento ou documento de identifica\u00e7\u00e3o com foto, CPF e comprovante de resid\u00eancia (original e c\u00f3pia).<\/p>\n\n\n\n<p>Para a segunda dose, basta apresentar o documento de identifica\u00e7\u00e3o com foto e o cart\u00e3o de vacina\u00e7\u00e3o. Quem perdeu o cart\u00e3o pode solicitar a segunda via no posto onde tomou a primeira dose.<\/p>\n\n\n\n<p>Pessoas com defici\u00eancia visual que, ao tomar a primeira dose, tenham recebido o cart\u00e3o convencional, podem solicitar a substitui\u00e7\u00e3o pelo cart\u00e3o em braile no ponto onde forem tomar a segunda.<\/p>\n\n\n\n<p>Ascom SMS &nbsp;<\/p>\n","protected":false},"excerpt":{"rendered":"<p>A Prefeitura de Macei\u00f3 inicia a semana com novo p\u00fablico para a vacina\u00e7\u00e3o contra a Covid-19. Nesta<\/p>\n","protected":false},"author":1,"featured_media":16024,"comment_status":"open","ping_status":"open","sticky":false,"template":"","format":"standard","meta":{"footnotes":""},"categories":[60],"tags":[],"class_list":["post-16023","post","type-post","status-publish","format-standard","has-post-thumbnail","hentry","category-capa"],"_links":{"self":[{"href":"https:\/\/4cantosalagoas.com.br\/portal\/wp-json\/wp\/v2\/posts\/16023","targetHints":{"allow":["GET"]}}],"collection":[{"href":"https:\/\/4cantosalagoas.com.br\/portal\/wp-json\/wp\/v2\/posts"}],"about":[{"href":"https:\/\/4cantosalagoas.com.br\/portal\/wp-json\/wp\/v2\/types\/post"}],"author":[{"embeddable":true,"href":"https:\/\/4cantosalagoas.com.br\/portal\/wp-json\/wp\/v2\/users\/1"}],"replies":[{"embeddable":true,"href":"https:\/\/4cantosalagoas.com.br\/portal\/wp-json\/wp\/v2\/comments?post=16023"}],"version-history":[{"count":1,"href":"https:\/\/4cantosalagoas.com.br\/portal\/wp-json\/wp\/v2\/posts\/16023\/revisions"}],"predecessor-version":[{"id":16025,"href":"https:\/\/4cantosalagoas.com.br\/portal\/wp-json\/wp\/v2\/posts\/16023\/revisions\/16025"}],"wp:featuredmedia":[{"embeddable":true,"href":"https:\/\/4cantosalagoas.com.br\/portal\/wp-json\/wp\/v2\/media\/16024"}],"wp:attachment":[{"href":"https:\/\/4cantosalagoas.com.br\/portal\/wp-json\/wp\/v2\/media?parent=16023"}],"wp:term":[{"taxonomy":"category","embeddable":true,"href":"https:\/\/4cantosalagoas.com.br\/portal\/wp-json\/wp\/v2\/categories?post=16023"},{"taxonomy":"post_tag","embeddable":true,"href":"https:\/\/4cantosalagoas.com.br\/portal\/wp-json\/wp\/v2\/tags?post=16023"}],"curies":[{"name":"wp","href":"https:\/\/api.w.org\/{rel}","templated":true}]}}