{"id":15959,"date":"2021-09-03T08:09:56","date_gmt":"2021-09-03T11:09:56","guid":{"rendered":"http:\/\/4cantosalagoas.com.br\/portal\/?p=15959"},"modified":"2021-09-03T08:10:00","modified_gmt":"2021-09-03T11:10:00","slug":"casos-de-alergia-a-insetos-aumentam-saiba-como-evitar-complicacoes-a-saude","status":"publish","type":"post","link":"https:\/\/4cantosalagoas.com.br\/portal\/casos-de-alergia-a-insetos-aumentam-saiba-como-evitar-complicacoes-a-saude\/","title":{"rendered":"Casos de alergia a insetos aumentam: saiba como evitar complica\u00e7\u00f5es \u00e0 sa\u00fade"},"content":{"rendered":"\n<figure class=\"wp-block-image\"><img fetchpriority=\"high\" decoding=\"async\" width=\"998\" height=\"742\" src=\"http:\/\/4cantosalagoas.com.br\/portal\/wp-content\/uploads\/2021\/09\/79.jpg\" alt=\"\" class=\"wp-image-15960\" srcset=\"https:\/\/4cantosalagoas.com.br\/portal\/wp-content\/uploads\/2021\/09\/79.jpg 998w, https:\/\/4cantosalagoas.com.br\/portal\/wp-content\/uploads\/2021\/09\/79-300x223.jpg 300w, https:\/\/4cantosalagoas.com.br\/portal\/wp-content\/uploads\/2021\/09\/79-768x571.jpg 768w\" sizes=\"(max-width: 998px) 100vw, 998px\" \/><figcaption>Assessoria<\/figcaption><\/figure>\n\n\n\n<p>Coceira, vermelhid\u00e3o e incha\u00e7o na pele. Estas s\u00e3o rea\u00e7\u00f5es comuns da alergia a insetos que t\u00eam se tornado cada vez mais frequentes durante o inverno. Favorecida pela alta umidade do ar e chuvas que se estendem por per\u00edodos mais longos do dia, a esta\u00e7\u00e3o mais fria do ano assiste ao aumento da prolifera\u00e7\u00e3o de pernilongos, percevejos, muri\u00e7ocas e borrachudos, por exemplo.<\/p>\n\n\n\n<p>A alergia pode ser caracterizada como uma resposta exagerada do sistema imunol\u00f3gico a um determinado ant\u00edgeno. No caso de picadas de insetos, as rea\u00e7\u00f5es costumam ser locais, com coceira e poss\u00edvel ocorr\u00eancia de incha\u00e7o na regi\u00e3o onde ocorreu a les\u00e3o, conforme explica a alergologista e imunologista do Sistema Hapvida Macei\u00f3, Dr. Gisele Casado.<\/p>\n\n\n\n<p>\u201cEm alguns casos as les\u00f5es podem se tornar cr\u00f4nicas e evolu\u00edrem para o quadro de estr\u00f3fulo, que se caracteriza por les\u00f5es papulares avermelhadas e coceira. Elas geralmente persistem de 2 a 10 dias e podem levar, inclusive, a infec\u00e7\u00f5es bacterianas\u201d, alerta a especialista. Qualquer pessoa pode desenvolver o quadro al\u00e9rgico, mas as crian\u00e7as s\u00e3o as que mais sofrem neste per\u00edodo.<\/p>\n\n\n\n<p><strong>EXAMES CUT\u00c2NEOS E LABORATORIAIS PODEM CONFIRMAR O DIAGN\u00d3STICO<\/strong><\/p>\n\n\n\n<p>A m\u00e9dica do Hapvida afirma que, se n\u00e3o tratada corretamente, a alergia a insetos pode provocar danos \u00e0 sa\u00fade, especialmente em casos de rea\u00e7\u00f5es mais graves, como a anafilaxia, que \u00e9 potencialmente fatal e \u00e9 geralmente provocada por abelhas, formigas e vespas.<\/p>\n\n\n\n<p>\u201cA anafilaxia pode provocar urtic\u00e1rias, que s\u00e3o les\u00f5es altas, elevadas, que co\u00e7am bastante, e podem ser acompanhadas de incha\u00e7os deformantes de p\u00e1lpebras, l\u00e1bios e orelhas. O paciente tamb\u00e9m pode sofrer com problemas respirat\u00f3rios, como falta de ar, tosse e chiado no peito, sintomas gastrointestinais, como diarreia, n\u00e1useas, v\u00f4mitos e c\u00f3licas, al\u00e9m dos sintomas cardiovasculares, como queda de press\u00e3o, tonturas e a parada cardiorrespirat\u00f3ria\u201d.<\/p>\n\n\n\n<p>Segundo a imunologista, o diagn\u00f3stico da alergia baseia-se no hist\u00f3rico cl\u00ednico do paciente e na realiza\u00e7\u00e3o de exames cut\u00e2neos e laboratoriais que visam confirmar a hipersensibilidade.<\/p>\n\n\n\n<p><strong>POMADAS, REM\u00c9DIOS ORAIS E IMUNOTERAPIA<\/strong><\/p>\n\n\n\n<p>Atualmente, existem diversas op\u00e7\u00f5es de tratamento para a alergia a insetos. O al\u00edvio dos sintomas pode incluir a utiliza\u00e7\u00e3o de pomadas, rem\u00e9dios orais e at\u00e9 imunoterapia. \u201cA imunoterapia diminui a chance de uma rea\u00e7\u00e3o sist\u00eamica quando a pessoa \u00e9 exposta novamente, ou seja, ap\u00f3s outra picada ou ferroada\u201d, destaca a especialista.<\/p>\n\n\n\n<p>Questionada sobre como prevenir a alergia a insetos, Dra. Gisele Casado lista algumas medidas simples, mas eficazes, que podem diminuir a prolifera\u00e7\u00e3o de insetos e, consequentemente, a ocorr\u00eancia das picadas. A primeira \u00e9 fazer uso de repelente em todas as \u00e1reas expostas do corpo.<\/p>\n\n\n\n<p>\u201cTamb\u00e9m \u00e9 importante dar prefer\u00eancia a roupas mais compridas e, se poss\u00edvel, instalar telas nas janelas ou mosquiteiro pr\u00f3ximo \u00e0 cama\u201d, complementa a profissional. Outra dica que pode ser \u00fatil \u00e9 evitar transitar em locais excessivamente arborizados, como florestas e campos, j\u00e1 que esses ambientes s\u00e3o mais suscet\u00edveis a picadas de insetos.\u201cLembrando que o paciente nunca deve automedicar-se sob pena de agravar o seu estado de sa\u00fade. Procure sempre um m\u00e9dico&#8221;, conclui.\u00a0 <\/p>\n\n\n\n<p>Assessoria<\/p>\n","protected":false},"excerpt":{"rendered":"<p>Coceira, vermelhid\u00e3o e incha\u00e7o na pele. Estas s\u00e3o rea\u00e7\u00f5es comuns da alergia a insetos que t\u00eam se<\/p>\n","protected":false},"author":1,"featured_media":15960,"comment_status":"open","ping_status":"open","sticky":false,"template":"","format":"standard","meta":{"footnotes":""},"categories":[60],"tags":[],"class_list":["post-15959","post","type-post","status-publish","format-standard","has-post-thumbnail","hentry","category-capa"],"_links":{"self":[{"href":"https:\/\/4cantosalagoas.com.br\/portal\/wp-json\/wp\/v2\/posts\/15959","targetHints":{"allow":["GET"]}}],"collection":[{"href":"https:\/\/4cantosalagoas.com.br\/portal\/wp-json\/wp\/v2\/posts"}],"about":[{"href":"https:\/\/4cantosalagoas.com.br\/portal\/wp-json\/wp\/v2\/types\/post"}],"author":[{"embeddable":true,"href":"https:\/\/4cantosalagoas.com.br\/portal\/wp-json\/wp\/v2\/users\/1"}],"replies":[{"embeddable":true,"href":"https:\/\/4cantosalagoas.com.br\/portal\/wp-json\/wp\/v2\/comments?post=15959"}],"version-history":[{"count":1,"href":"https:\/\/4cantosalagoas.com.br\/portal\/wp-json\/wp\/v2\/posts\/15959\/revisions"}],"predecessor-version":[{"id":15961,"href":"https:\/\/4cantosalagoas.com.br\/portal\/wp-json\/wp\/v2\/posts\/15959\/revisions\/15961"}],"wp:featuredmedia":[{"embeddable":true,"href":"https:\/\/4cantosalagoas.com.br\/portal\/wp-json\/wp\/v2\/media\/15960"}],"wp:attachment":[{"href":"https:\/\/4cantosalagoas.com.br\/portal\/wp-json\/wp\/v2\/media?parent=15959"}],"wp:term":[{"taxonomy":"category","embeddable":true,"href":"https:\/\/4cantosalagoas.com.br\/portal\/wp-json\/wp\/v2\/categories?post=15959"},{"taxonomy":"post_tag","embeddable":true,"href":"https:\/\/4cantosalagoas.com.br\/portal\/wp-json\/wp\/v2\/tags?post=15959"}],"curies":[{"name":"wp","href":"https:\/\/api.w.org\/{rel}","templated":true}]}}