{"id":15902,"date":"2021-08-26T09:51:05","date_gmt":"2021-08-26T12:51:05","guid":{"rendered":"http:\/\/4cantosalagoas.com.br\/portal\/?p=15902"},"modified":"2021-08-26T09:51:10","modified_gmt":"2021-08-26T12:51:10","slug":"smtt-alinha-objetivos-com-arsal-para-melhorar-transporte-em-maceio","status":"publish","type":"post","link":"https:\/\/4cantosalagoas.com.br\/portal\/smtt-alinha-objetivos-com-arsal-para-melhorar-transporte-em-maceio\/","title":{"rendered":"SMTT alinha objetivos com Arsal para melhorar transporte em Macei\u00f3"},"content":{"rendered":"\n<figure class=\"wp-block-image\"><img fetchpriority=\"high\" decoding=\"async\" width=\"1600\" height=\"720\" src=\"https:\/\/i1.wp.com\/4cantosalagoas.com.br\/portal\/wp-content\/uploads\/2021\/08\/64.jpeg?fit=1024%2C461\" alt=\"\" class=\"wp-image-15903\" srcset=\"https:\/\/4cantosalagoas.com.br\/portal\/wp-content\/uploads\/2021\/08\/64.jpeg 1600w, https:\/\/4cantosalagoas.com.br\/portal\/wp-content\/uploads\/2021\/08\/64-300x135.jpeg 300w, https:\/\/4cantosalagoas.com.br\/portal\/wp-content\/uploads\/2021\/08\/64-768x346.jpeg 768w, https:\/\/4cantosalagoas.com.br\/portal\/wp-content\/uploads\/2021\/08\/64-1024x461.jpeg 1024w\" sizes=\"(max-width: 1600px) 100vw, 1600px\" \/><figcaption> <br>Encontro pautou demandas relacionadas ao transporte p\u00fablico. Foto: Ascom SMTT <\/figcaption><\/figure>\n\n\n\n<p>A Superintend\u00eancia Municipal de Transportes e Tr\u00e2nsito (SMTT) recebeu, nesta quarta-feira (25), representantes da Ag\u00eancia Reguladora de Servi\u00e7os P\u00fablicos do Estado de Alagoas (Arsal) para alinhar seus objetivos para o tr\u00e1fego da capital. A intera\u00e7\u00e3o entre as institui\u00e7\u00f5es que atuam na fiscaliza\u00e7\u00e3o do transporte \u00e9 fundamental para garantir a melhor presta\u00e7\u00e3o de servi\u00e7o para a popula\u00e7\u00e3o.<\/p>\n\n\n\n<p>Entre os temas discutidos, est\u00e3o o funcionamento do transporte p\u00fablico intermunicipal em Macei\u00f3 e os pontos de embarque e desembarque, para que os usu\u00e1rios tenham seguran\u00e7a ao utilizar o transporte p\u00fablico.<\/p>\n\n\n\n<p>Para o titular da SMTT, Andr\u00e9 Costa, o objetivo \u00e9 manter um trabalho pautado no di\u00e1logo. \u201c\u00c9 muito importante que haja essa intera\u00e7\u00e3o entre os \u00f3rg\u00e3os, pois isso reflete em melhores condi\u00e7\u00f5es de transporte para os maceioenses e para quem vem a Macei\u00f3. Esperamos que as medidas sejam tomadas em conjunto, priorizando a seguran\u00e7a e a qualidade no deslocamento da popula\u00e7\u00e3o\u201d, destacou o superintendente.<\/p>\n\n\n\n<p>A presidente em exerc\u00edcio da Arsal, Camilla Ferraz, falou sobre a import\u00e2ncia do encontro entre os setores. \u201cN\u00f3s viemos para alinhar esse contato institucional com o superintendente Andr\u00e9 e com a SMTT. Pautamos assuntos que abrangem os objetivos dos dois \u00f3rg\u00e3os e que impactam diretamente no dia a dia das pessoas\u201d, disse.<\/p>\n\n\n\n<figure class=\"wp-block-image\"><img decoding=\"async\" src=\"http:\/\/www.maceio.al.gov.br\/wp-content\/uploads\/2021\/08\/jpeg\/2021\/08\/WhatsApp-Image-2021-08-25-at-14.01.29.jpeg\" alt=\"\" class=\"wp-image-423905\"\/><figcaption>Visita estreitou rela\u00e7\u00f5es entre as institui\u00e7\u00f5es. Foto: Ascom SMTT<\/figcaption><\/figure>\n\n\n\n<p>Tamb\u00e9m participaram da reuni\u00e3o a diretora do Sistema Integrado de Mobilidade de Macei\u00f3, Paula Isanelle, que integra o corpo t\u00e9cnico da SMTT; e dos servidores da Arsal Renata Medeiros, que atua como gerente de transporte, e o assessor de Planejamento de Transporte, F\u00e1bio Calheiros.<\/p>\n\n\n\n<p>Ascom SMTT<\/p>\n","protected":false},"excerpt":{"rendered":"<p>A Superintend\u00eancia Municipal de Transportes e Tr\u00e2nsito (SMTT) recebeu, nesta quarta-feira (25), representantes da Ag\u00eancia Reguladora de<\/p>\n","protected":false},"author":1,"featured_media":15842,"comment_status":"open","ping_status":"open","sticky":false,"template":"","format":"standard","meta":{"footnotes":""},"categories":[5],"tags":[],"class_list":["post-15902","post","type-post","status-publish","format-standard","has-post-thumbnail","hentry","category-maceio"],"_links":{"self":[{"href":"https:\/\/4cantosalagoas.com.br\/portal\/wp-json\/wp\/v2\/posts\/15902","targetHints":{"allow":["GET"]}}],"collection":[{"href":"https:\/\/4cantosalagoas.com.br\/portal\/wp-json\/wp\/v2\/posts"}],"about":[{"href":"https:\/\/4cantosalagoas.com.br\/portal\/wp-json\/wp\/v2\/types\/post"}],"author":[{"embeddable":true,"href":"https:\/\/4cantosalagoas.com.br\/portal\/wp-json\/wp\/v2\/users\/1"}],"replies":[{"embeddable":true,"href":"https:\/\/4cantosalagoas.com.br\/portal\/wp-json\/wp\/v2\/comments?post=15902"}],"version-history":[{"count":1,"href":"https:\/\/4cantosalagoas.com.br\/portal\/wp-json\/wp\/v2\/posts\/15902\/revisions"}],"predecessor-version":[{"id":15904,"href":"https:\/\/4cantosalagoas.com.br\/portal\/wp-json\/wp\/v2\/posts\/15902\/revisions\/15904"}],"wp:featuredmedia":[{"embeddable":true,"href":"https:\/\/4cantosalagoas.com.br\/portal\/wp-json\/wp\/v2\/media\/15842"}],"wp:attachment":[{"href":"https:\/\/4cantosalagoas.com.br\/portal\/wp-json\/wp\/v2\/media?parent=15902"}],"wp:term":[{"taxonomy":"category","embeddable":true,"href":"https:\/\/4cantosalagoas.com.br\/portal\/wp-json\/wp\/v2\/categories?post=15902"},{"taxonomy":"post_tag","embeddable":true,"href":"https:\/\/4cantosalagoas.com.br\/portal\/wp-json\/wp\/v2\/tags?post=15902"}],"curies":[{"name":"wp","href":"https:\/\/api.w.org\/{rel}","templated":true}]}}