{"id":15900,"date":"2021-08-26T08:52:28","date_gmt":"2021-08-26T11:52:28","guid":{"rendered":"http:\/\/4cantosalagoas.com.br\/portal\/?p=15900"},"modified":"2021-08-26T08:52:32","modified_gmt":"2021-08-26T11:52:32","slug":"policia-civil-prende-homem-que-engravidou-crianca-de-12-anos-em-jequia-da-praia","status":"publish","type":"post","link":"https:\/\/4cantosalagoas.com.br\/portal\/policia-civil-prende-homem-que-engravidou-crianca-de-12-anos-em-jequia-da-praia\/","title":{"rendered":"Pol\u00edcia Civil prende homem que engravidou crian\u00e7a de 12 anos em Jequi\u00e1 da Praia"},"content":{"rendered":"\n<figure class=\"wp-block-image\"><img fetchpriority=\"high\" decoding=\"async\" width=\"750\" height=\"500\" src=\"http:\/\/4cantosalagoas.com.br\/portal\/wp-content\/uploads\/2021\/06\/PC_Marechal_Deodoro.thumbnail.jpg\" alt=\"\" class=\"wp-image-15276\" srcset=\"https:\/\/4cantosalagoas.com.br\/portal\/wp-content\/uploads\/2021\/06\/PC_Marechal_Deodoro.thumbnail.jpg 750w, https:\/\/4cantosalagoas.com.br\/portal\/wp-content\/uploads\/2021\/06\/PC_Marechal_Deodoro.thumbnail-300x200.jpg 300w\" sizes=\"(max-width: 750px) 100vw, 750px\" \/><figcaption>Assessoria<\/figcaption><\/figure>\n\n\n\n<p>Policiais civis do 81\u00ba Distrito Policial de Jequi\u00e1 da Praia, com apoio da 6\u00aa Delegacia Regional de S\u00e3o Miguel dos Campos, foram investigar uma den\u00fancia feita&nbsp;pelo Conselho Tutelar e prenderam um homem de 40 anos por estupro de vulner\u00e1vel, nesta quarta-feira (25).<\/p>\n\n\n\n<p>De acordo com o delegado Jo\u00e3o Marcello, as equipes da Pol\u00edcia Civil foram at\u00e9 uma resid\u00eancia, no povoado Alagoinhas, localizado na \u00e1rea rural de Jequi\u00e1 da Praia, e encontraram um casal que convivia maritalmente, sendo que o homem tem&nbsp;40 anos de idade, e sua companheira 13, a qual estava&nbsp;gestante de sete&nbsp;meses, tendo engravidado quando tinha 12 anos.<\/p>\n\n\n\n<p>\u201cOs agentes conduziram as pessoas at\u00e9 a Delegacia, onde representamos pela pris\u00e3o preventiva do autor, tendo em vista a reiterada pratica de estupro de vulner\u00e1vel que vinha ocorrendo, j\u00e1 que a v\u00edtima \u00e9 menor de 14&nbsp;anos\u201d, disse o delegado Jo\u00e3o Marcello, Regional de S\u00e3o Miguel dos Campos.<\/p>\n\n\n\n<p>Ap\u00f3s a representa\u00e7\u00e3o, a pris\u00e3o foi decretada pelo juiz da 4\u00aa Vara Criminal de S\u00e3o Miguel dos Campos, ap\u00f3s parecer favor\u00e1vel do Minist\u00e9rio P\u00fablico, e o homem foi recolhido ao xadrez da 6\u00aa DRP, onde ficar\u00e1 \u00e0 disposi\u00e7\u00e3o da Justi\u00e7a.<\/p>\n\n\n\n<p>Assessoria<\/p>\n","protected":false},"excerpt":{"rendered":"<p>Policiais civis do 81\u00ba Distrito Policial de Jequi\u00e1 da Praia, com apoio da 6\u00aa Delegacia Regional de<\/p>\n","protected":false},"author":1,"featured_media":15276,"comment_status":"open","ping_status":"open","sticky":false,"template":"","format":"standard","meta":{"footnotes":""},"categories":[60],"tags":[],"class_list":["post-15900","post","type-post","status-publish","format-standard","has-post-thumbnail","hentry","category-capa"],"_links":{"self":[{"href":"https:\/\/4cantosalagoas.com.br\/portal\/wp-json\/wp\/v2\/posts\/15900","targetHints":{"allow":["GET"]}}],"collection":[{"href":"https:\/\/4cantosalagoas.com.br\/portal\/wp-json\/wp\/v2\/posts"}],"about":[{"href":"https:\/\/4cantosalagoas.com.br\/portal\/wp-json\/wp\/v2\/types\/post"}],"author":[{"embeddable":true,"href":"https:\/\/4cantosalagoas.com.br\/portal\/wp-json\/wp\/v2\/users\/1"}],"replies":[{"embeddable":true,"href":"https:\/\/4cantosalagoas.com.br\/portal\/wp-json\/wp\/v2\/comments?post=15900"}],"version-history":[{"count":1,"href":"https:\/\/4cantosalagoas.com.br\/portal\/wp-json\/wp\/v2\/posts\/15900\/revisions"}],"predecessor-version":[{"id":15901,"href":"https:\/\/4cantosalagoas.com.br\/portal\/wp-json\/wp\/v2\/posts\/15900\/revisions\/15901"}],"wp:featuredmedia":[{"embeddable":true,"href":"https:\/\/4cantosalagoas.com.br\/portal\/wp-json\/wp\/v2\/media\/15276"}],"wp:attachment":[{"href":"https:\/\/4cantosalagoas.com.br\/portal\/wp-json\/wp\/v2\/media?parent=15900"}],"wp:term":[{"taxonomy":"category","embeddable":true,"href":"https:\/\/4cantosalagoas.com.br\/portal\/wp-json\/wp\/v2\/categories?post=15900"},{"taxonomy":"post_tag","embeddable":true,"href":"https:\/\/4cantosalagoas.com.br\/portal\/wp-json\/wp\/v2\/tags?post=15900"}],"curies":[{"name":"wp","href":"https:\/\/api.w.org\/{rel}","templated":true}]}}