{"id":15865,"date":"2021-08-23T11:11:34","date_gmt":"2021-08-23T14:11:34","guid":{"rendered":"http:\/\/4cantosalagoas.com.br\/portal\/?p=15865"},"modified":"2021-08-23T11:11:38","modified_gmt":"2021-08-23T14:11:38","slug":"smtt-fiscaliza-estacionamento-indevido-em-vagas-prioritarias","status":"publish","type":"post","link":"https:\/\/4cantosalagoas.com.br\/portal\/smtt-fiscaliza-estacionamento-indevido-em-vagas-prioritarias\/","title":{"rendered":"SMTT fiscaliza estacionamento indevido em vagas priorit\u00e1rias"},"content":{"rendered":"\n<figure class=\"wp-block-image\"><img fetchpriority=\"high\" decoding=\"async\" width=\"1174\" height=\"900\" src=\"https:\/\/i0.wp.com\/4cantosalagoas.com.br\/portal\/wp-content\/uploads\/2021\/08\/61.jpeg?fit=1024%2C785\" alt=\"\" class=\"wp-image-15866\" srcset=\"https:\/\/4cantosalagoas.com.br\/portal\/wp-content\/uploads\/2021\/08\/61.jpeg 1174w, https:\/\/4cantosalagoas.com.br\/portal\/wp-content\/uploads\/2021\/08\/61-300x230.jpeg 300w, https:\/\/4cantosalagoas.com.br\/portal\/wp-content\/uploads\/2021\/08\/61-768x589.jpeg 768w, https:\/\/4cantosalagoas.com.br\/portal\/wp-content\/uploads\/2021\/08\/61-1024x785.jpeg 1024w\" sizes=\"(max-width: 1174px) 100vw, 1174px\" \/><figcaption> <br>Condutores devem respeitar os espa\u00e7os destinados a idosos, deficientes e autistas. Foto: SMTT <\/figcaption><\/figure>\n\n\n\n<p> O estacionamento em vagas priorit\u00e1rias para idosos, deficientes e autistas \u00e9 garantido por lei. Nos primeiros sete meses deste ano, 529 infra\u00e7\u00f5es foram contabilizadas pelas equipes da Superintend\u00eancia Municipal de Transportes e Tr\u00e2nsito (SMTT). No mesmo per\u00edodo do ano passado, foram 188 infra\u00e7\u00f5es, um aumento de 181,4%. As a\u00e7\u00f5es fiscalizat\u00f3rias ocorrem principalmente em supermercados, shoppings centers e outros estabelecimentos comerciais da capital. <\/p>\n\n\n\n<p>O \u00f3rg\u00e3o alerta para o uso indevido desses espa\u00e7os. De acordo com o C\u00f3digo de Tr\u00e2nsito Brasileiro (CTB), estacionar em vagas priorit\u00e1rias destinadas a pessoas com defici\u00eancia e idosos \u00e9 considerada uma infra\u00e7\u00e3o de natureza grav\u00edssima com multa no valor de R$ 293,47, al\u00e9m da perda de sete pontos na Carteira Nacional de Habilita\u00e7\u00e3o (CNH). Para esses casos, a medida administrativa \u00e9 a remo\u00e7\u00e3o do ve\u00edculo, que s\u00f3 ser\u00e1 liberado ap\u00f3s a regulariza\u00e7\u00e3o junto ao Munic\u00edpio.<\/p>\n\n\n\n<p>Para o superintendente Andr\u00e9 Costa, o uso dos espa\u00e7os por outras pessoas implica em transtornos para o p\u00fablico-alvo. \u201cAs pessoas precisam refletir sobre a import\u00e2ncia dessas vagas para quem tem direito a elas. Como a pr\u00e1tica implica no desrespeito a essas pessoas, n\u00f3s seguiremos intensificando as fiscaliza\u00e7\u00f5es. Nosso objetivo \u00e9 facilitar e garantir os direitos estabelecidos na legisla\u00e7\u00e3o\u201d, explicou.<\/p>\n\n\n\n<figure class=\"wp-block-image\"><img decoding=\"async\" src=\"http:\/\/www.maceio.al.gov.br\/wp-content\/uploads\/2021\/08\/jpeg\/2021\/08\/WhatsApp-Image-2021-08-18-at-12.41.16-1.jpeg\" alt=\"\" class=\"wp-image-423146\"\/><figcaption>Condutores devem respeitar as vagas delimitadas. Foto: SMTT<\/figcaption><\/figure>\n\n\n\n<p>Apesar dos idosos, pessoas com defici\u00eancia e autistas desfrutarem desse direito, \u00e9 importante que apresentem sempre uma credencial de estacionamento no para-brisa do ve\u00edculo, conforme estabelece a legisla\u00e7\u00e3o. Essa a\u00e7\u00e3o facilita o trabalho do agente durante as fiscaliza\u00e7\u00f5es.<\/p>\n\n\n\n<figure class=\"wp-block-image\"><img decoding=\"async\" src=\"http:\/\/www.maceio.al.gov.br\/wp-content\/uploads\/2021\/08\/jpeg\/2021\/08\/WhatsApp-Image-2021-08-18-at-12.40.26.jpeg\" alt=\"\" class=\"wp-image-423145\"\/><figcaption>Condutor deve se atentar \u00e0s sinaliza\u00e7\u00f5es e deixar a credencial vis\u00edvel no para-brisa do ve\u00edculo. Foto: SMTT<\/figcaption><\/figure>\n\n\n\n<p><strong>Pontos de emiss\u00e3o de credenciais<\/strong><\/p>\n\n\n\n<p>Interessados em emitir uma credencial para estacionamento em vagas priorit\u00e1rias devem comparecer a um dos postos de atendimento da SMTT munidos de documento de identifica\u00e7\u00e3o e comprovante de resid\u00eancia. No caso de portadores de algum tipo de patologia, \u00e9 necess\u00e1rio apresentar um laudo m\u00e9dico comprovando a dificuldade de locomo\u00e7\u00e3o ou autismo.<\/p>\n\n\n\n<p>O servi\u00e7o de emiss\u00e3o de credenciais de estacionamento \u00e9 ofertado na sede da SMTT, situada na Avenida Durval de G\u00f3es Monteiro, no Tabuleiro, e na Central J\u00e1! do Macei\u00f3 Shopping, em Mangabeiras. Em 2021, 1.162 credenciais j\u00e1 foram emitidas.<\/p>\n\n\n\n<p>Na sede da SMTT, o atendimento acontece mediante agendamento&nbsp;<a href=\"http:\/\/www.online.maceio.al.gov.br\/5\">no site<\/a>. \u00c9 importante que os titulares compare\u00e7am no dia do agendamento. Na Central J\u00e1! do Macei\u00f3 Shopping, o funcionamento \u00e9 das 11h \u00e0s 17h em dias \u00fateis, ap\u00f3s agendamento no&nbsp;<a href=\"http:\/\/agendamento.seplag.al.gov.br\/\">site da Central J\u00e1!<\/a>.<\/p>\n\n\n\n<p>Ascom SMTT<\/p>\n","protected":false},"excerpt":{"rendered":"<p>O estacionamento em vagas priorit\u00e1rias para idosos, deficientes e autistas \u00e9 garantido por lei. Nos primeiros sete<\/p>\n","protected":false},"author":1,"featured_media":15866,"comment_status":"open","ping_status":"open","sticky":false,"template":"","format":"standard","meta":{"footnotes":""},"categories":[5],"tags":[],"class_list":["post-15865","post","type-post","status-publish","format-standard","has-post-thumbnail","hentry","category-maceio"],"_links":{"self":[{"href":"https:\/\/4cantosalagoas.com.br\/portal\/wp-json\/wp\/v2\/posts\/15865","targetHints":{"allow":["GET"]}}],"collection":[{"href":"https:\/\/4cantosalagoas.com.br\/portal\/wp-json\/wp\/v2\/posts"}],"about":[{"href":"https:\/\/4cantosalagoas.com.br\/portal\/wp-json\/wp\/v2\/types\/post"}],"author":[{"embeddable":true,"href":"https:\/\/4cantosalagoas.com.br\/portal\/wp-json\/wp\/v2\/users\/1"}],"replies":[{"embeddable":true,"href":"https:\/\/4cantosalagoas.com.br\/portal\/wp-json\/wp\/v2\/comments?post=15865"}],"version-history":[{"count":1,"href":"https:\/\/4cantosalagoas.com.br\/portal\/wp-json\/wp\/v2\/posts\/15865\/revisions"}],"predecessor-version":[{"id":15867,"href":"https:\/\/4cantosalagoas.com.br\/portal\/wp-json\/wp\/v2\/posts\/15865\/revisions\/15867"}],"wp:featuredmedia":[{"embeddable":true,"href":"https:\/\/4cantosalagoas.com.br\/portal\/wp-json\/wp\/v2\/media\/15866"}],"wp:attachment":[{"href":"https:\/\/4cantosalagoas.com.br\/portal\/wp-json\/wp\/v2\/media?parent=15865"}],"wp:term":[{"taxonomy":"category","embeddable":true,"href":"https:\/\/4cantosalagoas.com.br\/portal\/wp-json\/wp\/v2\/categories?post=15865"},{"taxonomy":"post_tag","embeddable":true,"href":"https:\/\/4cantosalagoas.com.br\/portal\/wp-json\/wp\/v2\/tags?post=15865"}],"curies":[{"name":"wp","href":"https:\/\/api.w.org\/{rel}","templated":true}]}}