{"id":15862,"date":"2021-08-23T08:07:18","date_gmt":"2021-08-23T11:07:18","guid":{"rendered":"http:\/\/4cantosalagoas.com.br\/portal\/?p=15862"},"modified":"2021-08-23T08:07:22","modified_gmt":"2021-08-23T11:07:22","slug":"envelhecimento-ativo-atencao-com-a-saude-mental-do-idoso-precisa-ser-redobrada","status":"publish","type":"post","link":"https:\/\/4cantosalagoas.com.br\/portal\/envelhecimento-ativo-atencao-com-a-saude-mental-do-idoso-precisa-ser-redobrada\/","title":{"rendered":"Envelhecimento ativo: aten\u00e7\u00e3o com a sa\u00fade mental do idoso precisa ser redobrada"},"content":{"rendered":"\n<figure class=\"wp-block-image\"><img fetchpriority=\"high\" decoding=\"async\" width=\"935\" height=\"696\" src=\"http:\/\/4cantosalagoas.com.br\/portal\/wp-content\/uploads\/2021\/08\/0111.jpg\" alt=\"\" class=\"wp-image-15863\" srcset=\"https:\/\/4cantosalagoas.com.br\/portal\/wp-content\/uploads\/2021\/08\/0111.jpg 935w, https:\/\/4cantosalagoas.com.br\/portal\/wp-content\/uploads\/2021\/08\/0111-300x223.jpg 300w, https:\/\/4cantosalagoas.com.br\/portal\/wp-content\/uploads\/2021\/08\/0111-768x572.jpg 768w\" sizes=\"(max-width: 935px) 100vw, 935px\" \/><figcaption>Assessoria<\/figcaption><\/figure>\n\n\n\n<p>A import\u00e2ncia do cuidado com a sa\u00fade mental nunca esteve t\u00e3o em evid\u00eancia e a pandemia da covid-19 intensificou a busca por tratamento em consult\u00f3rios de psicologia e psiquiatria. Quando o assunto \u00e9 envelhecer bem e de maneira saud\u00e1vel, cuidar das emo\u00e7\u00f5es se torna ainda mais importante.<\/p>\n\n\n\n<p>Segundo o Relat\u00f3rio Mundial de Sa\u00fade e Envelhecimento, da Organiza\u00e7\u00e3o Mundial da Sa\u00fade (OMS), o n\u00famero de pessoas com mais de 60 anos no Brasil quase triplicar\u00e1 at\u00e9 2050 e deve alcan\u00e7ar 30% de toda a popula\u00e7\u00e3o do pa\u00eds at\u00e9 a metade do s\u00e9culo.<\/p>\n\n\n\n<p><strong>PERDAS FUNCIONAIS E COMPROMETIMENTO COGNITIVO AFETAM SA\u00daDE MENTAL DO IDOSO<\/strong><\/p>\n\n\n\n<p>O psic\u00f3logo do Sistema Hapvida, Carol Costa, afirma que a aten\u00e7\u00e3o com a sa\u00fade mental deve ser redobrada nessa fase da vida. \u201cEsse \u00e9 um per\u00edodo de maior sensibilidade emocional e gera propens\u00e3o ao aparecimento de doen\u00e7as. Al\u00e9m disso, o idoso pode apresentar perdas funcionais e, algumas vezes, comprometimento cognitivo, o que impacta em sua autonomia\u201d, explica.<\/p>\n\n\n\n<p>As limita\u00e7\u00f5es t\u00edpicas da idade contribuem para o aparecimento de transtornos de humor, depress\u00e3o, ansiedade, dem\u00eancia e bipolaridade. De acordo com Sociedade Americana de Geriatria, 20% da popula\u00e7\u00e3o acima dos 55 anos sofre com algum tipo de problema de sa\u00fade mental.<\/p>\n\n\n\n<p><strong>AUMENTO DA EXPECTATIVA DE VIDA MANIFESTA NOVOS COMPORTAMENTOS<\/strong><\/p>\n\n\n\n<p>A boa not\u00edcia \u00e9 que, apesar de idoso apresentar um perfil mais recluso, a terceira idade, ou \u201cmelhor idade\u201d contempor\u00e2nea tem manifestado novos comportamentos que podem contribuir para um envelhecimento mais ativo.<\/p>\n\n\n\n<p>\u201cHoje em dia o idoso \u00e9 bem mais assistido e o aumento da expectativa de vida do brasileiro coopera para isso. O pr\u00f3prio tempo acaba preparando a pessoa para essa nova fase, em que ela d\u00e1 mais valor ao descanso e as prioridades s\u00e3o outras\u201d, destaca o psic\u00f3logo.<\/p>\n\n\n\n<p><strong>QUANDO PROCURAR AJUDA<\/strong><\/p>\n\n\n\n<p>O psic\u00f3logo do Sistema Hapvida, Carol Costa, lista alguns sinais de que algo n\u00e3o est\u00e1 bem e \u00e9 necess\u00e1rio procurar ajuda: altera\u00e7\u00f5es repentinas de humor, problemas para dormir, solid\u00e3o, neglig\u00eancia com a higiene pessoal e tristeza profunda s\u00e3o alguns.<\/p>\n\n\n\n<p>Carol Costa tamb\u00e9m diz ser essencial que o idoso tenha contato di\u00e1rio com pessoas queridas e se mantenha ativo sempre. \u201cSa\u00fade mental \u00e9 a capacidade que voc\u00ea tem de interagir com seus problemas e com a sua pr\u00f3pria felicidade. Desafios sempre v\u00e3o existir, mas a maneira como voc\u00ea lida com eles \u00e9 o mais importante\u201d, finaliza.<\/p>\n\n\n\n<p>Assessoria<\/p>\n","protected":false},"excerpt":{"rendered":"<p>A import\u00e2ncia do cuidado com a sa\u00fade mental nunca esteve t\u00e3o em evid\u00eancia e a pandemia da<\/p>\n","protected":false},"author":1,"featured_media":15863,"comment_status":"open","ping_status":"open","sticky":false,"template":"","format":"standard","meta":{"footnotes":""},"categories":[60],"tags":[],"class_list":["post-15862","post","type-post","status-publish","format-standard","has-post-thumbnail","hentry","category-capa"],"_links":{"self":[{"href":"https:\/\/4cantosalagoas.com.br\/portal\/wp-json\/wp\/v2\/posts\/15862","targetHints":{"allow":["GET"]}}],"collection":[{"href":"https:\/\/4cantosalagoas.com.br\/portal\/wp-json\/wp\/v2\/posts"}],"about":[{"href":"https:\/\/4cantosalagoas.com.br\/portal\/wp-json\/wp\/v2\/types\/post"}],"author":[{"embeddable":true,"href":"https:\/\/4cantosalagoas.com.br\/portal\/wp-json\/wp\/v2\/users\/1"}],"replies":[{"embeddable":true,"href":"https:\/\/4cantosalagoas.com.br\/portal\/wp-json\/wp\/v2\/comments?post=15862"}],"version-history":[{"count":1,"href":"https:\/\/4cantosalagoas.com.br\/portal\/wp-json\/wp\/v2\/posts\/15862\/revisions"}],"predecessor-version":[{"id":15864,"href":"https:\/\/4cantosalagoas.com.br\/portal\/wp-json\/wp\/v2\/posts\/15862\/revisions\/15864"}],"wp:featuredmedia":[{"embeddable":true,"href":"https:\/\/4cantosalagoas.com.br\/portal\/wp-json\/wp\/v2\/media\/15863"}],"wp:attachment":[{"href":"https:\/\/4cantosalagoas.com.br\/portal\/wp-json\/wp\/v2\/media?parent=15862"}],"wp:term":[{"taxonomy":"category","embeddable":true,"href":"https:\/\/4cantosalagoas.com.br\/portal\/wp-json\/wp\/v2\/categories?post=15862"},{"taxonomy":"post_tag","embeddable":true,"href":"https:\/\/4cantosalagoas.com.br\/portal\/wp-json\/wp\/v2\/tags?post=15862"}],"curies":[{"name":"wp","href":"https:\/\/api.w.org\/{rel}","templated":true}]}}