{"id":15859,"date":"2021-08-20T18:48:41","date_gmt":"2021-08-20T21:48:41","guid":{"rendered":"http:\/\/4cantosalagoas.com.br\/portal\/?p=15859"},"modified":"2021-08-20T18:48:45","modified_gmt":"2021-08-20T21:48:45","slug":"volta-as-aulas-transporte-aos-alunos-da-rede-municipal-esta-garantido","status":"publish","type":"post","link":"https:\/\/4cantosalagoas.com.br\/portal\/volta-as-aulas-transporte-aos-alunos-da-rede-municipal-esta-garantido\/","title":{"rendered":"Volta \u00e0s aulas: transporte aos alunos da rede municipal est\u00e1 garantido"},"content":{"rendered":"\n<figure class=\"wp-block-image\"><img fetchpriority=\"high\" decoding=\"async\" width=\"1600\" height=\"1066\" src=\"https:\/\/i0.wp.com\/4cantosalagoas.com.br\/portal\/wp-content\/uploads\/2021\/08\/55.jpg?fit=1024%2C682\" alt=\"\" class=\"wp-image-15860\" srcset=\"https:\/\/4cantosalagoas.com.br\/portal\/wp-content\/uploads\/2021\/08\/55.jpg 1600w, https:\/\/4cantosalagoas.com.br\/portal\/wp-content\/uploads\/2021\/08\/55-300x200.jpg 300w, https:\/\/4cantosalagoas.com.br\/portal\/wp-content\/uploads\/2021\/08\/55-768x512.jpg 768w, https:\/\/4cantosalagoas.com.br\/portal\/wp-content\/uploads\/2021\/08\/55-1024x682.jpg 1024w\" sizes=\"(max-width: 1600px) 100vw, 1600px\" \/><figcaption> <br>Secret\u00e1rio de Educa\u00e7\u00e3o, Elder Maia, vistoriando os ve\u00edculos escolares. Foto: Pedro Caldas\/Ascom Semed <\/figcaption><\/figure>\n\n\n\n<p> As aulas presenciais da rede municipal retornam na pr\u00f3xima segunda-feira (23), e a Prefeitura vem cuidando de todos os detalhes desse processo, incluindo o deslocamento dos alunos. Ser\u00e3o destinados 102 ve\u00edculos modernos, com GPS e\u00a0acessibilidade, aos 13.500 estudantes que necessitarem de transporte com a presen\u00e7a dos monitores em cada ve\u00edculo, algo in\u00e9dito no munic\u00edpio de Macei\u00f3. <\/p>\n\n\n\n<p>Somado com a qualidade do servi\u00e7o prestado pela Prefeitura, os ve\u00edculos ter\u00e3o apenas 50% de seus assentos ocupados, munidos de EPI\u2019s e monitores treinados para assegurar e garantir a qualidade do procedimento adotado no transporte. Inicialmente, ser\u00e3o 22 micro-\u00f4nibus pr\u00f3prios da Secretaria Municipal de Educa\u00e7\u00e3o e 80 \u00f4nibus locados pela empresa licitada pela rede municipal. Como explica o secret\u00e1rio de Educa\u00e7\u00e3o, Elder Maia, o refor\u00e7o ir\u00e1 garantir a qualidade e seguran\u00e7a para os alunos que necessitarem do servi\u00e7o.<\/p>\n\n\n\n<figure class=\"wp-block-image\"><img decoding=\"async\" src=\"https:\/\/lh5.googleusercontent.com\/Rvm70pqS5HBble2vkdH8ZlMNyCkBs9tdfykG-fCgDswIdGzIW-MPHx9WRcoRc04qHwzQPEkmgj_RGVyixu2NLc-9pXjXPL7MR_nHz-Glke6P9KIJYblvXcj4JZl3Xx1DXScpREBL\" alt=\"\"\/><figcaption>Secret\u00e1rio Elder Maia assegurou a qualidade dos transportes escolares Foto: Pedro Caldas\/Ascom Semed<\/figcaption><\/figure>\n\n\n\n<p>\u201cPela primeira vez, o Munic\u00edpio disp\u00f5e de uma licita\u00e7\u00e3o bem estruturada e organizada com \u00f4nibus e monitores treinados para lidar com as crian\u00e7as das diferentes fases, etapas e idades. Tudo foi preparado para permitir o bem estar e inclus\u00e3o dos nossos estudantes que, depois de um ano e meio, passar\u00e3o a frequentar as escolas e utilizar\u00e3o o nosso transporte escolar\u201d, diz o secret\u00e1rio.<\/p>\n\n\n\n<p>A lista dos alunos que necessitam dos ve\u00edculos vem diretamente da dire\u00e7\u00e3o das escolas, que repassa para a Educa\u00e7\u00e3o. Identificando os bairros e moradias de cada estudante, \u00e9 organizada a log\u00edstica para buscar e conduzir os estudantes \u00e0s suas respectivas unidades escolares.<\/p>\n\n\n\n<p>De acordo com o respons\u00e1vel pelo setor de transportes da Semed, Lu\u00eds Ant\u00f4nio Camargo Ribas, os monitores e&nbsp; motoristas foram totalmente&nbsp;treinados e, hoje (20), ir\u00e3o at\u00e9 as unidades da rede para fazer os \u00faltimos ajustes enquanto ao transporte dos alunos.<\/p>\n\n\n\n<p>\u201cA expectativa \u00e9 muito grande para a volta \u00e0s aulas, e oferecermos um servi\u00e7o de qualidade&nbsp;aos mais de 13 mil alunos a serem transportados. E, para alinharmos todos os detalhes, nesta sexta-feira, motoristas e auxiliares dos \u00f4nibus v\u00e3o se apresentar nas escolas para conversar com as diretoras, definindo as rotas e hor\u00e1rios que ser\u00e3o seguidos a partir da pr\u00f3xima segunda-feira\u201d, diz o servidor.<\/p>\n\n\n\n<p>Leonardo Andr\u00e9 Correia (estagi\u00e1rio)\/Ascom Semed<\/p>\n","protected":false},"excerpt":{"rendered":"<p>As aulas presenciais da rede municipal retornam na pr\u00f3xima segunda-feira (23), e a Prefeitura vem cuidando de<\/p>\n","protected":false},"author":1,"featured_media":15860,"comment_status":"open","ping_status":"open","sticky":false,"template":"","format":"standard","meta":{"footnotes":""},"categories":[5],"tags":[],"class_list":["post-15859","post","type-post","status-publish","format-standard","has-post-thumbnail","hentry","category-maceio"],"_links":{"self":[{"href":"https:\/\/4cantosalagoas.com.br\/portal\/wp-json\/wp\/v2\/posts\/15859","targetHints":{"allow":["GET"]}}],"collection":[{"href":"https:\/\/4cantosalagoas.com.br\/portal\/wp-json\/wp\/v2\/posts"}],"about":[{"href":"https:\/\/4cantosalagoas.com.br\/portal\/wp-json\/wp\/v2\/types\/post"}],"author":[{"embeddable":true,"href":"https:\/\/4cantosalagoas.com.br\/portal\/wp-json\/wp\/v2\/users\/1"}],"replies":[{"embeddable":true,"href":"https:\/\/4cantosalagoas.com.br\/portal\/wp-json\/wp\/v2\/comments?post=15859"}],"version-history":[{"count":1,"href":"https:\/\/4cantosalagoas.com.br\/portal\/wp-json\/wp\/v2\/posts\/15859\/revisions"}],"predecessor-version":[{"id":15861,"href":"https:\/\/4cantosalagoas.com.br\/portal\/wp-json\/wp\/v2\/posts\/15859\/revisions\/15861"}],"wp:featuredmedia":[{"embeddable":true,"href":"https:\/\/4cantosalagoas.com.br\/portal\/wp-json\/wp\/v2\/media\/15860"}],"wp:attachment":[{"href":"https:\/\/4cantosalagoas.com.br\/portal\/wp-json\/wp\/v2\/media?parent=15859"}],"wp:term":[{"taxonomy":"category","embeddable":true,"href":"https:\/\/4cantosalagoas.com.br\/portal\/wp-json\/wp\/v2\/categories?post=15859"},{"taxonomy":"post_tag","embeddable":true,"href":"https:\/\/4cantosalagoas.com.br\/portal\/wp-json\/wp\/v2\/tags?post=15859"}],"curies":[{"name":"wp","href":"https:\/\/api.w.org\/{rel}","templated":true}]}}