{"id":15829,"date":"2021-08-18T18:22:13","date_gmt":"2021-08-18T21:22:13","guid":{"rendered":"http:\/\/4cantosalagoas.com.br\/portal\/?p=15829"},"modified":"2021-08-18T18:22:17","modified_gmt":"2021-08-18T21:22:17","slug":"em-seis-meses-reducao-da-tarifa-de-onibus-gera-economia-de-r-55-milhoes-aos-maceioenses","status":"publish","type":"post","link":"https:\/\/4cantosalagoas.com.br\/portal\/em-seis-meses-reducao-da-tarifa-de-onibus-gera-economia-de-r-55-milhoes-aos-maceioenses\/","title":{"rendered":"Em seis meses, redu\u00e7\u00e3o da tarifa de \u00f4nibus gera economia de R$ 5,5 milh\u00f5es aos maceioenses"},"content":{"rendered":"\n<figure class=\"wp-block-image\"><img fetchpriority=\"high\" decoding=\"async\" width=\"1024\" height=\"682\" src=\"https:\/\/i2.wp.com\/4cantosalagoas.com.br\/portal\/wp-content\/uploads\/2021\/08\/47.jpeg?fit=1024%2C682\" alt=\"\" class=\"wp-image-15830\" srcset=\"https:\/\/4cantosalagoas.com.br\/portal\/wp-content\/uploads\/2021\/08\/47.jpeg 1024w, https:\/\/4cantosalagoas.com.br\/portal\/wp-content\/uploads\/2021\/08\/47-300x200.jpeg 300w, https:\/\/4cantosalagoas.com.br\/portal\/wp-content\/uploads\/2021\/08\/47-768x512.jpeg 768w\" sizes=\"(max-width: 1024px) 100vw, 1024px\" \/><figcaption> <br>Redu\u00e7\u00e3o da tarifa impacta positivamente no bolso dos maceioenses. Foto: Edvan Ferreira\/Secom Macei\u00f3 <\/figcaption><\/figure>\n\n\n\n<p> Em 25 de janeiro, a Prefeitura reduziu a tarifa do transporte coletivo de R$ 3,65 para R$ 3,35 e Macei\u00f3 passou a ter a passagem mais barata entre as capitais do Brasil. Passados seis meses desde a diminui\u00e7\u00e3o do valor, a Superintend\u00eancia Municipal de Transportes e Tr\u00e2nsito (SMTT) contabilizou uma economia de R$ 5.591.234,85 para o bolso dos maceioenses que utilizam o Sistema Integrado de Mobilidade de Macei\u00f3 (SIMM) para se deslocarem \u00e0s suas atividades. <\/p>\n\n\n\n<p>\u201cDesde que assumimos a gest\u00e3o, firmamos o compromisso de trabalhar diariamente para implementar medidas que realmente beneficiem e melhorem o dia a dia das pessoas. A redu\u00e7\u00e3o da tarifa foi uma dessas a\u00e7\u00f5es e, pelo valor economizado, sabemos que estamos indo no caminho certo\u201d, avaliou o prefeito JHC.<\/p>\n\n\n\n<figure class=\"wp-block-image\"><img decoding=\"async\" src=\"http:\/\/www.maceio.al.gov.br\/wp-content\/uploads\/2021\/08\/jpeg\/2021\/08\/imagem-1024x753.jpeg\" alt=\"\" class=\"wp-image-420010\"\/><figcaption>Gardenia faz mais viagens com os mesmos cr\u00e9ditos de antes. Foto: Ascom SMTT<\/figcaption><\/figure>\n\n\n\n<p>Gard\u00eania Maria \u00e9 moradora do litoral norte e comemorou a redu\u00e7\u00e3o. \u201cA nova tarifa foi, sem d\u00favidas, muito ben\u00e9fica. Para mim ficou muito melhor. Eu costumo recarregar meu Bem Legal uma vez no m\u00eas e sigo colocando o mesmo valor de antes, s\u00f3 que agora eu consigo embarcar mais vezes nos coletivos\u201d, pontuou.<\/p>\n\n\n\n<p>A economia corresponde aos embarques efetuados para o uso dos \u00f4nibus, o que pode ser feito mediante o uso de dinheiro, Vale-Transporte e Bem Legal Cidad\u00e3o, modalidades em que as tarifas s\u00e3o pagas no valor integral. Juntas, somaram 18.307.502 embarques, que corresponde a R$ 5.492.250,60 de diminui\u00e7\u00e3o. A medida tamb\u00e9m beneficiou os usu\u00e1rios do Bem Legal Escolar, que pagam a meia tarifa. Somente nesta modalidade, R$ 98.984,25 foram economizados, fruto dos 659.895 embarques.<\/p>\n\n\n\n<figure class=\"wp-block-image\"><img decoding=\"async\" src=\"http:\/\/www.maceio.al.gov.br\/wp-content\/uploads\/2021\/08\/jpeg\/2021\/08\/imagem-1-1024x759.jpeg\" alt=\"\" class=\"wp-image-420011\"\/><figcaption>Odete Gomes se desloca todos os dias de \u00f4nibus e comemorou a redu\u00e7\u00e3o. Foto: Ascom SMTT<\/figcaption><\/figure>\n\n\n\n<p>A dona de casa e moradora do Riacho Doce, Odete Gomes, explica como a redu\u00e7\u00e3o impactou positivamente na sua rotina. \u201cTodos os dias, eu uso ao menos quatro \u00f4nibus e a redu\u00e7\u00e3o de R$ 0,30 foi muito bem-vinda. No final do m\u00eas \u00e9 um valor consider\u00e1vel. \u00c9 bom n\u00e3o s\u00f3 para mim, mas para toda pessoa que utiliza o transporte p\u00fablico em Macei\u00f3\u201d, avaliou.<\/p>\n\n\n\n<figure class=\"wp-block-image\"><img decoding=\"async\" src=\"http:\/\/www.maceio.al.gov.br\/wp-content\/uploads\/2021\/06\/jpeg\/2021\/06\/WhatsApp-Image-2021-06-07-at-14.07.52-1024x768.jpeg\" alt=\"\" class=\"wp-image-409982\"\/><figcaption>Andr\u00e9 Costa destaca a import\u00e2ncia da redu\u00e7\u00e3o. Foto: Ascom SMTT<\/figcaption><\/figure>\n\n\n\n<p>Para o superintendente da SMTT, Andr\u00e9 Costa, o objetivo \u00e9 sempre criar solu\u00e7\u00f5es para beneficiar a vida do maceioense. \u201cSe a pessoa poupa esses R$ 0,30 que seriam utilizados com o transporte, no final do m\u00eas esse valor pode ser utilizado na compra de itens da cesta b\u00e1sica, por exemplo. Precisamos refletir que n\u00f3s estamos em uma pandemia, infelizmente, muitas pessoas ficaram sem emprego e qualquer redu\u00e7\u00e3o nas despesas \u00e9 bastante positiva\u201d, finalizou.<\/p>\n\n\n\n<p>Ascom SMTT<\/p>\n","protected":false},"excerpt":{"rendered":"<p>Em 25 de janeiro, a Prefeitura reduziu a tarifa do transporte coletivo de R$ 3,65 para R$<\/p>\n","protected":false},"author":1,"featured_media":15830,"comment_status":"open","ping_status":"open","sticky":false,"template":"","format":"standard","meta":{"footnotes":""},"categories":[5],"tags":[],"class_list":["post-15829","post","type-post","status-publish","format-standard","has-post-thumbnail","hentry","category-maceio"],"_links":{"self":[{"href":"https:\/\/4cantosalagoas.com.br\/portal\/wp-json\/wp\/v2\/posts\/15829","targetHints":{"allow":["GET"]}}],"collection":[{"href":"https:\/\/4cantosalagoas.com.br\/portal\/wp-json\/wp\/v2\/posts"}],"about":[{"href":"https:\/\/4cantosalagoas.com.br\/portal\/wp-json\/wp\/v2\/types\/post"}],"author":[{"embeddable":true,"href":"https:\/\/4cantosalagoas.com.br\/portal\/wp-json\/wp\/v2\/users\/1"}],"replies":[{"embeddable":true,"href":"https:\/\/4cantosalagoas.com.br\/portal\/wp-json\/wp\/v2\/comments?post=15829"}],"version-history":[{"count":1,"href":"https:\/\/4cantosalagoas.com.br\/portal\/wp-json\/wp\/v2\/posts\/15829\/revisions"}],"predecessor-version":[{"id":15831,"href":"https:\/\/4cantosalagoas.com.br\/portal\/wp-json\/wp\/v2\/posts\/15829\/revisions\/15831"}],"wp:featuredmedia":[{"embeddable":true,"href":"https:\/\/4cantosalagoas.com.br\/portal\/wp-json\/wp\/v2\/media\/15830"}],"wp:attachment":[{"href":"https:\/\/4cantosalagoas.com.br\/portal\/wp-json\/wp\/v2\/media?parent=15829"}],"wp:term":[{"taxonomy":"category","embeddable":true,"href":"https:\/\/4cantosalagoas.com.br\/portal\/wp-json\/wp\/v2\/categories?post=15829"},{"taxonomy":"post_tag","embeddable":true,"href":"https:\/\/4cantosalagoas.com.br\/portal\/wp-json\/wp\/v2\/tags?post=15829"}],"curies":[{"name":"wp","href":"https:\/\/api.w.org\/{rel}","templated":true}]}}