{"id":15755,"date":"2021-08-11T06:46:07","date_gmt":"2021-08-11T09:46:07","guid":{"rendered":"http:\/\/4cantosalagoas.com.br\/portal\/?p=15755"},"modified":"2021-08-11T06:46:11","modified_gmt":"2021-08-11T09:46:11","slug":"policia-civil-prende-acusado-de-matar-a-pauladas-homem-em-palestina","status":"publish","type":"post","link":"https:\/\/4cantosalagoas.com.br\/portal\/policia-civil-prende-acusado-de-matar-a-pauladas-homem-em-palestina\/","title":{"rendered":"Pol\u00edcia Civil prende acusado de matar a pauladas homem em Palestina"},"content":{"rendered":"\n<figure class=\"wp-block-image\"><img fetchpriority=\"high\" decoding=\"async\" width=\"750\" height=\"500\" src=\"http:\/\/4cantosalagoas.com.br\/portal\/wp-content\/uploads\/2021\/03\/opera\u00e7\u00e3o_intetgrada_no_litoral_norte_3.thumbnail.jpeg\" alt=\"\" class=\"wp-image-14222\" srcset=\"https:\/\/4cantosalagoas.com.br\/portal\/wp-content\/uploads\/2021\/03\/opera\u00e7\u00e3o_intetgrada_no_litoral_norte_3.thumbnail.jpeg 750w, https:\/\/4cantosalagoas.com.br\/portal\/wp-content\/uploads\/2021\/03\/opera\u00e7\u00e3o_intetgrada_no_litoral_norte_3.thumbnail-300x200.jpeg 300w\" sizes=\"(max-width: 750px) 100vw, 750px\" \/><figcaption>Foto: Arquivo ASCOM-PC <\/figcaption><\/figure>\n\n\n\n<p>A Pol\u00edcia Civil, por meio da 3\u00aa Delegacia Regional (3\u00aa DRP) de Batalha, prendeu nesta ter\u00e7a-feira (10), um homem de 32 anos, acusado de ter praticado um homic\u00eddio no dia 16 de setembro de 2020.<\/p>\n\n\n\n<p>A a\u00e7\u00e3o policial foi coordenada pela delegada Daniella Andrade, dando cumprimento ao mandado de pris\u00e3o preventiva expedido pela Justi\u00e7a.<\/p>\n\n\n\n<p>De acordo com as investiga\u00e7\u00f5es, o acusado assassinou a pauladas Cledson Vieira Silva, no Conjunto Habitacional Get\u00falio Vargas, na cidade de Palestina, em Alagoas.<\/p>\n\n\n\n<p>A motiva\u00e7\u00e3o do crime ocorreu devido o autor estar devendo uma quantia em dinheiro a v\u00edtima e ter sido cobrado na noite anterior ao crime.<\/p>\n\n\n\n<p>Segundo testemunhas, o acusado vinha realizando amea\u00e7as a v\u00e1rias pessoas da localidade com o intuito de permanecer impune.<\/p>\n\n\n\n<p>Assessoria<\/p>\n","protected":false},"excerpt":{"rendered":"<p>A Pol\u00edcia Civil, por meio da 3\u00aa Delegacia Regional (3\u00aa DRP) de Batalha, prendeu nesta ter\u00e7a-feira (10),<\/p>\n","protected":false},"author":1,"featured_media":14292,"comment_status":"open","ping_status":"open","sticky":false,"template":"","format":"standard","meta":{"footnotes":""},"categories":[60],"tags":[],"class_list":["post-15755","post","type-post","status-publish","format-standard","has-post-thumbnail","hentry","category-capa"],"_links":{"self":[{"href":"https:\/\/4cantosalagoas.com.br\/portal\/wp-json\/wp\/v2\/posts\/15755","targetHints":{"allow":["GET"]}}],"collection":[{"href":"https:\/\/4cantosalagoas.com.br\/portal\/wp-json\/wp\/v2\/posts"}],"about":[{"href":"https:\/\/4cantosalagoas.com.br\/portal\/wp-json\/wp\/v2\/types\/post"}],"author":[{"embeddable":true,"href":"https:\/\/4cantosalagoas.com.br\/portal\/wp-json\/wp\/v2\/users\/1"}],"replies":[{"embeddable":true,"href":"https:\/\/4cantosalagoas.com.br\/portal\/wp-json\/wp\/v2\/comments?post=15755"}],"version-history":[{"count":1,"href":"https:\/\/4cantosalagoas.com.br\/portal\/wp-json\/wp\/v2\/posts\/15755\/revisions"}],"predecessor-version":[{"id":15756,"href":"https:\/\/4cantosalagoas.com.br\/portal\/wp-json\/wp\/v2\/posts\/15755\/revisions\/15756"}],"wp:featuredmedia":[{"embeddable":true,"href":"https:\/\/4cantosalagoas.com.br\/portal\/wp-json\/wp\/v2\/media\/14292"}],"wp:attachment":[{"href":"https:\/\/4cantosalagoas.com.br\/portal\/wp-json\/wp\/v2\/media?parent=15755"}],"wp:term":[{"taxonomy":"category","embeddable":true,"href":"https:\/\/4cantosalagoas.com.br\/portal\/wp-json\/wp\/v2\/categories?post=15755"},{"taxonomy":"post_tag","embeddable":true,"href":"https:\/\/4cantosalagoas.com.br\/portal\/wp-json\/wp\/v2\/tags?post=15755"}],"curies":[{"name":"wp","href":"https:\/\/api.w.org\/{rel}","templated":true}]}}