{"id":15727,"date":"2021-08-09T07:21:48","date_gmt":"2021-08-09T10:21:48","guid":{"rendered":"http:\/\/4cantosalagoas.com.br\/portal\/?p=15727"},"modified":"2021-08-09T07:21:53","modified_gmt":"2021-08-09T10:21:53","slug":"saude-convoca-populacao-para-mutirao-contra-a-dengue-nos-dias-11-e-12","status":"publish","type":"post","link":"https:\/\/4cantosalagoas.com.br\/portal\/saude-convoca-populacao-para-mutirao-contra-a-dengue-nos-dias-11-e-12\/","title":{"rendered":"Sa\u00fade convoca popula\u00e7\u00e3o para mutir\u00e3o contra a dengue nos dias 11 e 12"},"content":{"rendered":"\n<figure class=\"wp-block-image\"><img fetchpriority=\"high\" decoding=\"async\" width=\"1024\" height=\"768\" src=\"https:\/\/i2.wp.com\/4cantosalagoas.com.br\/portal\/wp-content\/uploads\/2021\/08\/22.jpg?fit=1024%2C768\" alt=\"\" class=\"wp-image-15728\" srcset=\"https:\/\/4cantosalagoas.com.br\/portal\/wp-content\/uploads\/2021\/08\/22.jpg 1024w, https:\/\/4cantosalagoas.com.br\/portal\/wp-content\/uploads\/2021\/08\/22-300x225.jpg 300w, https:\/\/4cantosalagoas.com.br\/portal\/wp-content\/uploads\/2021\/08\/22-768x576.jpg 768w\" sizes=\"(max-width: 1024px) 100vw, 1024px\" \/><figcaption> <br><strong><em>Agentes de endemias fornecem orienta\u00e7\u00f5es para moradores.<\/em><\/strong> <\/figcaption><\/figure>\n\n\n\n<p>A Prefeitura de Macei\u00f3 mobiliza a popula\u00e7\u00e3o, nos pr\u00f3ximos dias 11 e 12, no mutir\u00e3o Macei\u00f3 Unida Contra a Dengue. As a\u00e7\u00f5es s\u00e3o coordenadas pela Diretoria de Vigil\u00e2ncia em Sa\u00fade, e pretendem envolver os moradores da capital em um grande mutir\u00e3o para identificar, monitorar e eliminar criat\u00f3rios do mosquito&nbsp;<em>Aedes aegypti&nbsp;<\/em>e recolher materiais que possam servir para sua prolifera\u00e7\u00e3o.<\/p>\n\n\n\n<p>Durante os dois dias de mobiliza\u00e7\u00e3o, centenas de agentes de s\u00e1ude, volunt\u00e1rios, supervisores e gestores pretendem fazer 24 mil visitas, entre incurs\u00f5es domiciliares, em pontos comerciais e pr\u00e9dios p\u00fablicos para verificar se h\u00e1 condi\u00e7\u00f5es favor\u00e1veis \u00e0 prolifera\u00e7\u00e3o do mosquito e eliminar os riscos existentes.<\/p>\n\n\n\n<p>\u201cEssa a\u00e7\u00e3o Macei\u00f3 Unida contra a Dengue tem o objetivo de convocar a popula\u00e7\u00e3o para a necessidade de colaborar com o poder p\u00fablico para a redu\u00e7\u00e3o de transmiss\u00e3o da dengue, que nesse per\u00edodo chuvoso, encontra nos nossos lares uma grande oferta de criadouros de mosquito transmissor da dengue, zika e chikungunya. Nas nossas resid\u00eancias h\u00e1 sempre possibilidade de haver situa\u00e7\u00f5es de empo\u00e7amento de \u00e1gua, onde pode ocorrer a prolifera\u00e7\u00e3o desse mosquito\u201d, informa a gerente de Doen\u00e7as Transmitidas por Vetores e Animais Pe\u00e7onhentos da Secretaria Municipal de Sa\u00fade, Carmem Samico.<\/p>\n\n\n\n<figure class=\"wp-block-image\"><img decoding=\"async\" src=\"http:\/\/www.maceio.al.gov.br\/wp-content\/uploads\/2021\/08\/jpg\/2021\/08\/06-08-Gabriel-Moreira-Reuni%C3%A3o-de-a%C3%A7%C3%A3o-de-combate-a-dengue-audit%C3%B3rio-prefeitura-5612-768x513-1.jpg\" alt=\"\" class=\"wp-image-420685\"\/><figcaption><strong><em>Gerente de Doen\u00e7as Transmitidas por Vetores e Animais Pe\u00e7onhentos da Secretaria Municipal de Sa\u00fade, Carmem Samico<\/em><\/strong><br><\/figcaption><\/figure>\n\n\n\n<p>As a\u00e7\u00f5es ser\u00e3o desenvolvidas em toda a capital, tendo como prioridades bairros onde foram observados altos \u00edndices de infesta\u00e7\u00e3o do Aedes aegypti. Nesses locais, ser\u00e3o verificados especialmente pontos estrat\u00e9gicos mais propensos \u00e0 ocorr\u00eancia de criadouros do mosquito, como borracharias, ferros-velhos e outros locais prop\u00edcios ao ac\u00famulo de \u00e1gua parada.<\/p>\n\n\n\n<p>\u201cEsses locais ser\u00e3o inspecionados para que seja feita a elimina\u00e7\u00e3o de criadouros, tratamento com larvicida, orienta\u00e7\u00e3o sobre como a popula\u00e7\u00e3o deve adotar essas a\u00e7\u00f5es no dia a dia e vamos tamb\u00e9m distribuir fichas de autoinspe\u00e7\u00e3o, onde esses moradores escolher\u00e3o um dia na semana para nos auxiliar e colaborar conosco nessa luta contra a prolifera\u00e7\u00e3o do mosquito causador desses tr\u00eas agravos que v\u00eam acometendo a nossa popula\u00e7\u00e3o\u201d, explica Carmem Samico.<\/p>\n\n\n\n<p>O mutir\u00e3o envolve a colabora\u00e7\u00e3o entre os \u00f3rg\u00e3os municipais, que desenvolver\u00e3o atividades educativas, inspe\u00e7\u00e3o, orienta\u00e7\u00e3o, capina\u00e7\u00e3o, limpeza e recolhimento de res\u00edduos s\u00f3lidos. Al\u00e9m disso, a a\u00e7\u00e3o tamb\u00e9m contar\u00e1 com a participa\u00e7\u00e3o do Ex\u00e9rcito, da Cruz Vermelha e apoio da Abrasel, ABIH e Braskem,<\/p>\n\n\n\n<p><strong>Como a popula\u00e7\u00e3o pode colaborar com o mutir\u00e3o?<\/strong><\/p>\n\n\n\n<p>A diretora de Vigil\u00e2ncia em Sa\u00fade, Fernanda Rodrigues, informa que a colabora\u00e7\u00e3o da popula\u00e7\u00e3o na preven\u00e7\u00e3o da dengue come\u00e7a com o cuidado em casa, eliminando todos os locais que possam acumular \u00e1gua e se tornar poss\u00edveis criadouros do mosquito. A outra forma de ajudar, segundo ela, \u00e9 abrindo a porta aos agentes de endemias e acompanhando o trabalho desenvolvido por eles.<\/p>\n\n\n\n<p>\u201cAl\u00e9m de facilitar o acesso dos agentes \u00e0s resid\u00eancias, a popula\u00e7\u00e3o deve colaborar com a inspe\u00e7\u00e3o, acompanhando o trabalho dos agentes e seguindo suas orienta\u00e7\u00f5es. \u00c9 muito mais eficiente prevenir do que tratar doen\u00e7as e agravos depois que se estabelecem. O poder p\u00fablico atua, mas n\u00e3o d\u00e1 conta de tudo, por isso, \u00e9 fundamental o envolvimento da popula\u00e7\u00e3o para eliminar os focos de prolifera\u00e7\u00e3o do mosquito e promover o controle da dengue, zika e chikungunya\u201d, orienta a diretora.<\/p>\n\n\n\n<figure class=\"wp-block-image\"><img decoding=\"async\" src=\"http:\/\/www.maceio.al.gov.br\/wp-content\/uploads\/sms\/jpg\/2016\/02\/27683-perigos-de-dengue-nas-construcoes.jpg\" alt=\"\" class=\"wp-image-151904\"\/><figcaption><strong><em>Durante o mutir\u00e3o ser\u00e3o feitas visitas a domic\u00edlios, estabelecimentos comerciais e constru\u00e7\u00f5es para eliminar focos de mosquitos<\/em><\/strong><\/figcaption><\/figure>\n\n\n\n<p><strong>Mosquito s\u00f3 precisa de um recipiente com \u00e1gua parada<\/strong><\/p>\n\n\n\n<p>Para se desenvolver, o&nbsp;<em>Aedes aegypti&nbsp;<\/em>s\u00f3 precisa de \u00e1gua acumulada, que tanto pode estar em uma tampinha de refrigerante como em uma caixa d\u2019\u00e1gua. Por isso, t\u00e9cnicos orientam que a vigil\u00e2ncia deve ser permanente.<\/p>\n\n\n\n<p>\u201cVasos de plantas com \u00e1gua, potes esquecidos, copos descart\u00e1veis, garrafas, baldes deixados no quintal, tampinhas, caixas d\u2019\u00e1gua sem veda\u00e7\u00e3o adequada, o suporte de degelo da geladeira, o banheiro que n\u00e3o \u00e9 utilizado com frequ\u00eancia e possa ficar com ac\u00famulo de \u00e1gua, todos esses locais e objetos s\u00e3o encontrados em nossos domic\u00edlios e favorecem a prolifera\u00e7\u00e3o do mosquito\u201d, lembra Carmem Samico.<\/p>\n\n\n\n<p><strong>Trabalho integrado<\/strong><\/p>\n\n\n\n<p>O mutir\u00e3o envolve diversas secretarias e \u00f3rg\u00e3os municipais, que atuar\u00e3o nas visitas domiciliares e na fiscaliza\u00e7\u00e3o de mercados p\u00fablicos, feiras livres, constru\u00e7\u00f5es, ferros-velhos e borracharias, far\u00e3o recolhimento de pneus, coleta e remo\u00e7\u00e3o de entulhos em \u00e1reas p\u00fablicas e divulga\u00e7\u00e3o dos ecopontos para recolhimento de entulhos.<\/p>\n\n\n\n<p>Estar\u00e3o mobilizadas as secretarias de Sa\u00fade, Comunica\u00e7\u00e3o, Educa\u00e7\u00e3o, Abastecimento e Trabalho, Gest\u00e3o, Desenvolvimento Territorial, Seguran\u00e7a Comunit\u00e1ria, Desenvolvimento Sustent\u00e1vel e GGI dos Bairros. A a\u00e7\u00e3o tamb\u00e9m contar\u00e1 com apoio institucional do Ex\u00e9rcito, Cruz Vermelha, ABIH, Abrasel e Braskem.<\/p>\n\n\n\n<p>Ascom SMS<\/p>\n","protected":false},"excerpt":{"rendered":"<p>A Prefeitura de Macei\u00f3 mobiliza a popula\u00e7\u00e3o, nos pr\u00f3ximos dias 11 e 12, no mutir\u00e3o Macei\u00f3 Unida<\/p>\n","protected":false},"author":1,"featured_media":15728,"comment_status":"open","ping_status":"open","sticky":false,"template":"","format":"standard","meta":{"footnotes":""},"categories":[5],"tags":[],"class_list":["post-15727","post","type-post","status-publish","format-standard","has-post-thumbnail","hentry","category-maceio"],"_links":{"self":[{"href":"https:\/\/4cantosalagoas.com.br\/portal\/wp-json\/wp\/v2\/posts\/15727","targetHints":{"allow":["GET"]}}],"collection":[{"href":"https:\/\/4cantosalagoas.com.br\/portal\/wp-json\/wp\/v2\/posts"}],"about":[{"href":"https:\/\/4cantosalagoas.com.br\/portal\/wp-json\/wp\/v2\/types\/post"}],"author":[{"embeddable":true,"href":"https:\/\/4cantosalagoas.com.br\/portal\/wp-json\/wp\/v2\/users\/1"}],"replies":[{"embeddable":true,"href":"https:\/\/4cantosalagoas.com.br\/portal\/wp-json\/wp\/v2\/comments?post=15727"}],"version-history":[{"count":1,"href":"https:\/\/4cantosalagoas.com.br\/portal\/wp-json\/wp\/v2\/posts\/15727\/revisions"}],"predecessor-version":[{"id":15729,"href":"https:\/\/4cantosalagoas.com.br\/portal\/wp-json\/wp\/v2\/posts\/15727\/revisions\/15729"}],"wp:featuredmedia":[{"embeddable":true,"href":"https:\/\/4cantosalagoas.com.br\/portal\/wp-json\/wp\/v2\/media\/15728"}],"wp:attachment":[{"href":"https:\/\/4cantosalagoas.com.br\/portal\/wp-json\/wp\/v2\/media?parent=15727"}],"wp:term":[{"taxonomy":"category","embeddable":true,"href":"https:\/\/4cantosalagoas.com.br\/portal\/wp-json\/wp\/v2\/categories?post=15727"},{"taxonomy":"post_tag","embeddable":true,"href":"https:\/\/4cantosalagoas.com.br\/portal\/wp-json\/wp\/v2\/tags?post=15727"}],"curies":[{"name":"wp","href":"https:\/\/api.w.org\/{rel}","templated":true}]}}