{"id":15710,"date":"2021-08-06T10:31:18","date_gmt":"2021-08-06T13:31:18","guid":{"rendered":"http:\/\/4cantosalagoas.com.br\/portal\/?p=15710"},"modified":"2021-08-06T10:31:20","modified_gmt":"2021-08-06T13:31:20","slug":"nova-linha-de-onibus-vai-atender-parte-alta-de-maceio","status":"publish","type":"post","link":"https:\/\/4cantosalagoas.com.br\/portal\/nova-linha-de-onibus-vai-atender-parte-alta-de-maceio\/","title":{"rendered":"Nova linha de \u00f4nibus vai atender parte alta de Macei\u00f3"},"content":{"rendered":"\n<figure class=\"wp-block-image\"><img fetchpriority=\"high\" decoding=\"async\" width=\"1280\" height=\"960\" src=\"https:\/\/i2.wp.com\/4cantosalagoas.com.br\/portal\/wp-content\/uploads\/2021\/08\/WhatsApp-Image-2021-05-04-at-08.55.47.jpeg?fit=1024%2C768\" alt=\"\" class=\"wp-image-15711\" srcset=\"https:\/\/4cantosalagoas.com.br\/portal\/wp-content\/uploads\/2021\/08\/WhatsApp-Image-2021-05-04-at-08.55.47.jpeg 1280w, https:\/\/4cantosalagoas.com.br\/portal\/wp-content\/uploads\/2021\/08\/WhatsApp-Image-2021-05-04-at-08.55.47-300x225.jpeg 300w, https:\/\/4cantosalagoas.com.br\/portal\/wp-content\/uploads\/2021\/08\/WhatsApp-Image-2021-05-04-at-08.55.47-768x576.jpeg 768w, https:\/\/4cantosalagoas.com.br\/portal\/wp-content\/uploads\/2021\/08\/WhatsApp-Image-2021-05-04-at-08.55.47-1024x768.jpeg 1024w\" sizes=\"(max-width: 1280px) 100vw, 1280px\" \/><figcaption> <br>Foto: Ascom SMTT <\/figcaption><\/figure>\n\n\n\n<p>A Superintend\u00eancia Municipal de Transportes e Tr\u00e2nsito (SMTT) anuncia que, a partir do pr\u00f3ximo s\u00e1bado (7), a popula\u00e7\u00e3o ser\u00e1 beneficiada com uma nova linha de \u00f4nibus na capital. A expectativa \u00e9 de que a nova linha 612 \u2013 Forene\/Jati\u00faca (via Centro e Ponta Verde), atenda cerca de dois mil passageiros em dias \u00fateis.<\/p>\n\n\n\n<p>Inicialmente, ser\u00e3o 11 ve\u00edculos operando nesse percurso, com 52 viagens em dias \u00fateis, 36 aos s\u00e1bados e 24 nos domingos.<\/p>\n\n\n\n<p>O itiner\u00e1rio ter\u00e1 in\u00edcio na Forene e seguir\u00e1 para os bairros do Centro, Ponta Verde e Jati\u00faca. Os coletivos percorrer\u00e3o parte do corredor da BR 104, e das Avenidas Durval de G\u00f3es Monteiro e Fernandes Lima, e seguir\u00e3o pelo Centro, Paju\u00e7ara e Ponta Verde, finalizando o percurso de ida na Jati\u00faca.<\/p>\n\n\n\n<p>J\u00e1 no trajeto de volta, os coletivos partir\u00e3o da Avenida Alvaro Otac\u00edlio e percorrer\u00e3o as Avenidas Ant\u00f4nio Gomes de Barros e Dona Constan\u00e7a at\u00e9 acessarem a Governador Afr\u00e2nio Lages (Leste-Oeste), por onde seguir\u00e3o at\u00e9 o Terminal Rodovi\u00e1rio de Macei\u00f3, no Feitosa.<\/p>\n\n\n\n<p>Ap\u00f3s este ponto, seguir\u00e3o pelas Ruas Joaquim Nabuco e Albino Magalh\u00e3es at\u00e9 as Avenidas Fernandes Lima, Durval de G\u00f3es Monteiro e Lourival Melo Mota. De l\u00e1, seguir\u00e3o at\u00e9 o acesso \u00e0 Usina Utinga Le\u00e3o, finalizando o itiner\u00e1rio no terminal da Forene.<\/p>\n\n\n\n<figure class=\"wp-block-image\"><img decoding=\"async\" src=\"http:\/\/www.maceio.al.gov.br\/wp-content\/uploads\/2021\/08\/jpeg\/2021\/08\/WhatsApp-Image-2021-08-05-at-15.54.09.jpeg\" alt=\"\" class=\"wp-image-420393\"\/><figcaption>Foto: Ascom SMTT<\/figcaption><\/figure>\n\n\n\n<p>O superintentende do \u00f3rg\u00e3o municipal de tr\u00e2nsito ressalta o trabalho que tem sido desenvolvido para diagnosticar possibilidades de melhorias para o atendimento prestado aos usu\u00e1rios do Sistema Integrado de Mobilidade de Macei\u00f3 (SIMM). \u201cA SMTT verificou a necessidade de implantar mais uma linha de \u00f4nibus que pudesse transportar os usu\u00e1rios da parte alta da cidade aos principais destinos da parte baixa, reduzindo a demanda para as outras linhas j\u00e1 existentes\u201d, explicou Andr\u00e9 Costa.<\/p>\n\n\n\n<p>A diretora do SIMM, Paula Isanelle, informou que as novas linhas t\u00eam um per\u00edodo de 90 dias para avalia\u00e7\u00e3o. \u201c\u00c9 importante salientar que durante esse per\u00edodo, o comportamento operacional \u00e9 verificado e dados como a quantidade de passageiros e tempo de viagem ser\u00e3o revistos. A SMTT ir\u00e1 monitorar a linha e realizar\u00e1 melhorias, caso seja necess\u00e1rio\u201d, disse.<\/p>\n\n\n\n<p>A linha ter\u00e1 as viagens compartilhadas entre as empresas Real Alagoas e S\u00e3o Francisco.<\/p>\n\n\n\n<p>Ascom SMTT<\/p>\n","protected":false},"excerpt":{"rendered":"<p>A Superintend\u00eancia Municipal de Transportes e Tr\u00e2nsito (SMTT) anuncia que, a partir do pr\u00f3ximo s\u00e1bado (7), a<\/p>\n","protected":false},"author":1,"featured_media":15711,"comment_status":"open","ping_status":"open","sticky":false,"template":"","format":"standard","meta":{"footnotes":""},"categories":[60],"tags":[],"class_list":["post-15710","post","type-post","status-publish","format-standard","has-post-thumbnail","hentry","category-capa"],"_links":{"self":[{"href":"https:\/\/4cantosalagoas.com.br\/portal\/wp-json\/wp\/v2\/posts\/15710","targetHints":{"allow":["GET"]}}],"collection":[{"href":"https:\/\/4cantosalagoas.com.br\/portal\/wp-json\/wp\/v2\/posts"}],"about":[{"href":"https:\/\/4cantosalagoas.com.br\/portal\/wp-json\/wp\/v2\/types\/post"}],"author":[{"embeddable":true,"href":"https:\/\/4cantosalagoas.com.br\/portal\/wp-json\/wp\/v2\/users\/1"}],"replies":[{"embeddable":true,"href":"https:\/\/4cantosalagoas.com.br\/portal\/wp-json\/wp\/v2\/comments?post=15710"}],"version-history":[{"count":1,"href":"https:\/\/4cantosalagoas.com.br\/portal\/wp-json\/wp\/v2\/posts\/15710\/revisions"}],"predecessor-version":[{"id":15712,"href":"https:\/\/4cantosalagoas.com.br\/portal\/wp-json\/wp\/v2\/posts\/15710\/revisions\/15712"}],"wp:featuredmedia":[{"embeddable":true,"href":"https:\/\/4cantosalagoas.com.br\/portal\/wp-json\/wp\/v2\/media\/15711"}],"wp:attachment":[{"href":"https:\/\/4cantosalagoas.com.br\/portal\/wp-json\/wp\/v2\/media?parent=15710"}],"wp:term":[{"taxonomy":"category","embeddable":true,"href":"https:\/\/4cantosalagoas.com.br\/portal\/wp-json\/wp\/v2\/categories?post=15710"},{"taxonomy":"post_tag","embeddable":true,"href":"https:\/\/4cantosalagoas.com.br\/portal\/wp-json\/wp\/v2\/tags?post=15710"}],"curies":[{"name":"wp","href":"https:\/\/api.w.org\/{rel}","templated":true}]}}