{"id":15678,"date":"2021-08-02T18:48:59","date_gmt":"2021-08-02T21:48:59","guid":{"rendered":"http:\/\/4cantosalagoas.com.br\/portal\/?p=15678"},"modified":"2021-08-02T18:49:03","modified_gmt":"2021-08-02T21:49:03","slug":"prefeitura-abre-mais-12-pontos-para-vacinacao-da-2a-dose-contra-covid-19","status":"publish","type":"post","link":"https:\/\/4cantosalagoas.com.br\/portal\/prefeitura-abre-mais-12-pontos-para-vacinacao-da-2a-dose-contra-covid-19\/","title":{"rendered":"Prefeitura abre mais 12 pontos para vacina\u00e7\u00e3o da 2\u00aa dose contra Covid-19"},"content":{"rendered":"\n<figure class=\"wp-block-image\"><img fetchpriority=\"high\" decoding=\"async\" width=\"1536\" height=\"1024\" src=\"https:\/\/i0.wp.com\/4cantosalagoas.com.br\/portal\/wp-content\/uploads\/2021\/08\/pp.jpg?fit=1024%2C683\" alt=\"\" class=\"wp-image-15679\" srcset=\"https:\/\/4cantosalagoas.com.br\/portal\/wp-content\/uploads\/2021\/08\/pp.jpg 1536w, https:\/\/4cantosalagoas.com.br\/portal\/wp-content\/uploads\/2021\/08\/pp-300x200.jpg 300w, https:\/\/4cantosalagoas.com.br\/portal\/wp-content\/uploads\/2021\/08\/pp-768x512.jpg 768w, https:\/\/4cantosalagoas.com.br\/portal\/wp-content\/uploads\/2021\/08\/pp-1024x683.jpg 1024w\" sizes=\"(max-width: 1536px) 100vw, 1536px\" \/><figcaption> <br>Vacina\u00e7\u00e3o em Macei\u00f3. Foto: Ascom SMS <\/figcaption><\/figure>\n\n\n\n<p>A Prefeitura de Macei\u00f3 amplia, a partir de quarta-feira (4), para 20 a quantidade de Unidades B\u00e1sicas de Sa\u00fade que vacinar\u00e3o por agendamento contra a covid-19. O objetivo \u00e9 facilitar a vida de quem j\u00e1 tomou a primeira dose da vacina contra a Covid-19 e completa, at\u00e9 o dia 07 de agosto, o prazo para a aplica\u00e7\u00e3o da segunda dose da vacina.<\/p>\n\n\n\n<p>Al\u00e9m das oito unidades de sa\u00fade onde j\u00e1 ocorre a vacina\u00e7\u00e3o por agendamento, mais 12 v\u00e3o disponibilizar a segunda dose da vacina, levando a imuniza\u00e7\u00e3o para mais perto da popula\u00e7\u00e3o. O agendamento nas 20 UBS j\u00e1 est\u00e1 aberto no site&nbsp;<a rel=\"noreferrer noopener\" href=\"http:\/\/vacina.maceio.al.gov.br\/\" target=\"_blank\">vacina.maceio.al.gov.br<\/a>&nbsp;e \u00e9 exclusivo para administra\u00e7\u00e3o da segunda dose da vacina.<\/p>\n\n\n\n<figure class=\"wp-block-image\"><img decoding=\"async\" src=\"http:\/\/www.maceio.al.gov.br\/wp-content\/uploads\/2021\/08\/jpg\/2021\/08\/29-07-vacina%C3%A7%C3%A3o-jaragu%C3%A1-e-papodromo-com-fotos-publicitarias-sms-Gabriel-Moreira-3984-1024x683.jpg\" alt=\"\" class=\"wp-image-419683\"\/><figcaption>Foto: Gabriel Moreira\/Secom Macei\u00f3<\/figcaption><\/figure>\n\n\n\n<p>A vacina\u00e7\u00e3o por agendamento j\u00e1 \u00e9 feita nas Unidades B\u00e1sicas de Sa\u00fade Aliomar de Almeida Lins (Benedito Bentes), Jos\u00e9 Guedes de Farias (Santa Am\u00e9lia), Dr. Ant\u00f4nio de P\u00e1dua (Jardim Petr\u00f3polis II), Professor Durval Cortez (Prado), Tereza Barbosa (Eust\u00e1quio Gomes), II Centro de Sa\u00fade Di\u00f3genes Juc\u00e1 Bernardes (Pra\u00e7a da Maravilha, no Po\u00e7o), USF Jos\u00e9 Maria de Vasconcelos (S\u00e3o Jorge) e Centro de Sa\u00fade Dr. Hamilton Falc\u00e3o (Benedito Bentes).<\/p>\n\n\n\n<p>Os novos pontos de vacina\u00e7\u00e3o funcionar\u00e3o nas seguintes unidades: UBS Oswaldo Brand\u00e3o (Ponta da Terra), UBS Roland Simon (Vergel do Lago), PAM Dique Estrada, USF Tarc\u00edsio Palmeira (Pontal), USF Paulo Oliveira Costa (Cesmac), USF Cl\u00e1udio Medeiros (Rio Novo), USF Paulo Leal (Feitosa), UBS Arthur Ramos (Conjunto Henrique Equelman), UBS Jos\u00e9 Pimentel Amorim (Conjunto Salvador Lyra), UBS Marlene Fernandes Lanverly de Mello (Santa L\u00facia), USF Vanderlei Maria de Andrade (Riacho Doce) e Unidade Docente Assistencial (UDA) Jos\u00e9 Lages Filho (Unit).<\/p>\n\n\n\n<p><strong>Doc<\/strong><strong>u<\/strong><strong>m<\/strong><strong>en<\/strong><strong>tos<\/strong><\/p>\n\n\n\n<p>Para tomar a segunda dose \u00e9 necess\u00e1rio apresentar documento de identifica\u00e7\u00e3o com foto e cart\u00e3o de vacina\u00e7\u00e3o. Quem perdeu o cart\u00e3o pode solicitar a segunda via no posto onde tomou a primeira dose. Caso a pessoa tenha defici\u00eancia visual e recebeu, ao tomar a primeira dose, um cart\u00e3o convencional, pode solicitar a emiss\u00e3o da segunda via do cart\u00e3o em braile.<\/p>\n\n\n\n<p>Ascom SMS<\/p>\n","protected":false},"excerpt":{"rendered":"<p>A Prefeitura de Macei\u00f3 amplia, a partir de quarta-feira (4), para 20 a quantidade de Unidades B\u00e1sicas<\/p>\n","protected":false},"author":1,"featured_media":15679,"comment_status":"open","ping_status":"open","sticky":false,"template":"","format":"standard","meta":{"footnotes":""},"categories":[5],"tags":[],"class_list":["post-15678","post","type-post","status-publish","format-standard","has-post-thumbnail","hentry","category-maceio"],"_links":{"self":[{"href":"https:\/\/4cantosalagoas.com.br\/portal\/wp-json\/wp\/v2\/posts\/15678","targetHints":{"allow":["GET"]}}],"collection":[{"href":"https:\/\/4cantosalagoas.com.br\/portal\/wp-json\/wp\/v2\/posts"}],"about":[{"href":"https:\/\/4cantosalagoas.com.br\/portal\/wp-json\/wp\/v2\/types\/post"}],"author":[{"embeddable":true,"href":"https:\/\/4cantosalagoas.com.br\/portal\/wp-json\/wp\/v2\/users\/1"}],"replies":[{"embeddable":true,"href":"https:\/\/4cantosalagoas.com.br\/portal\/wp-json\/wp\/v2\/comments?post=15678"}],"version-history":[{"count":1,"href":"https:\/\/4cantosalagoas.com.br\/portal\/wp-json\/wp\/v2\/posts\/15678\/revisions"}],"predecessor-version":[{"id":15680,"href":"https:\/\/4cantosalagoas.com.br\/portal\/wp-json\/wp\/v2\/posts\/15678\/revisions\/15680"}],"wp:featuredmedia":[{"embeddable":true,"href":"https:\/\/4cantosalagoas.com.br\/portal\/wp-json\/wp\/v2\/media\/15679"}],"wp:attachment":[{"href":"https:\/\/4cantosalagoas.com.br\/portal\/wp-json\/wp\/v2\/media?parent=15678"}],"wp:term":[{"taxonomy":"category","embeddable":true,"href":"https:\/\/4cantosalagoas.com.br\/portal\/wp-json\/wp\/v2\/categories?post=15678"},{"taxonomy":"post_tag","embeddable":true,"href":"https:\/\/4cantosalagoas.com.br\/portal\/wp-json\/wp\/v2\/tags?post=15678"}],"curies":[{"name":"wp","href":"https:\/\/api.w.org\/{rel}","templated":true}]}}