{"id":15673,"date":"2021-08-02T18:25:13","date_gmt":"2021-08-02T21:25:13","guid":{"rendered":"http:\/\/4cantosalagoas.com.br\/portal\/?p=15673"},"modified":"2021-08-02T18:25:18","modified_gmt":"2021-08-02T21:25:18","slug":"pilar-chega-ao-quarto-mes-sem-registro-de-homicidios","status":"publish","type":"post","link":"https:\/\/4cantosalagoas.com.br\/portal\/pilar-chega-ao-quarto-mes-sem-registro-de-homicidios\/","title":{"rendered":"Pilar chega ao quarto m\u00eas sem registro de homic\u00eddios"},"content":{"rendered":"\n<figure class=\"wp-block-image\"><img fetchpriority=\"high\" decoding=\"async\" width=\"678\" height=\"452\" src=\"http:\/\/4cantosalagoas.com.br\/portal\/wp-content\/uploads\/2021\/07\/pil.jpeg\" alt=\"\" class=\"wp-image-15574\" srcset=\"https:\/\/4cantosalagoas.com.br\/portal\/wp-content\/uploads\/2021\/07\/pil.jpeg 678w, https:\/\/4cantosalagoas.com.br\/portal\/wp-content\/uploads\/2021\/07\/pil-300x200.jpeg 300w\" sizes=\"(max-width: 678px) 100vw, 678px\" \/><figcaption>Assessoria<\/figcaption><\/figure>\n\n\n\n<p> A cidade do Pilar chegou, neste fim de semana, ao quarto m\u00eas sem registrar crime de homic\u00eddio. O \u00faltimo caso, j\u00e1 esclarecido pela Pol\u00edcia Civil e com os autores presos, ocorreu em 31 de mar\u00e7o. Os trabalhos seguem sendo intensificados pelas equipes das pol\u00edcias Civil e Militar para fechar o ano de 2021 com uma redu\u00e7\u00e3o hist\u00f3rica nos \u00edndices de criminalidade no munic\u00edpio da regi\u00e3o metropolitana.<br>\u201cTivemos 22 homic\u00eddios em 2020 e chegamos a agosto deste ano com apenas tr\u00eas registros, todos esclarecidos e com autores presos. O foco segue sendo o combate ao tr\u00e1fico de drogas e pris\u00f5es de autores de homicidas. N\u00e3o podemos deixar impune. Estamos trabalhando tamb\u00e9m nos casos de antes da nossa chegada ao Pilar, em julho do ano passado, para esclarecer todos os casos\u201d, destacou o delegado do Pilar, Sidney Ten\u00f3rio.<br>Segundo ele, cada m\u00eas que o trabalho policial e o refor\u00e7\u00f5es do poder p\u00fablico d\u00e3o resultado e s\u00e3o refletidos em n\u00fameros deve ser comemorado, em especial pelo hist\u00f3rico da cidade do Pilar, que j\u00e1 figurou entre as mais violentas do pa\u00eds. \u201cPara se ter uma ideia da redu\u00e7\u00e3o, em anos anteriores, como em 2012 (56) e 2013 (55) a m\u00e9dia anual era acima de 50, ou seja, uma m\u00e9dia de 25 casos por semestre\u201d, frisou.<br>Sidney Ten\u00f3rio destacou ainda o trabalho conjunto com a Pol\u00edcia Militar e o apoio do Poder Judici\u00e1rio, Minist\u00e9rio P\u00fablico, Secretaria de Seguran\u00e7a P\u00fablica e do delegado-geral da Pol\u00edcia Civil, Carlos Reis, para a redu\u00e7\u00e3o do n\u00famero de homic\u00eddios no munic\u00edpio\u00a0Al\u00e9m da parceria com a Prefeitura do Pilar.<br>\u201cAqui no Pilar \u00e9 de se destacar o sucesso do CISP (Centro Integrado de Seguran\u00e7a P\u00fablica) tipo 2. A integra\u00e7\u00e3o \u00e9 total com o major Henrique Jatob\u00e1, comandante do 8\u00ba Batalh\u00e3o da Pol\u00edcia Militar e com sua equipe. Novos trabalhos est\u00e3o em andamento. Quem ousa infringir a lei no Pilar pode estar certo que em breve vai receber nossa visita\u201d, concluiu o delegado. <\/p>\n\n\n\n<p>Assessoria<\/p>\n","protected":false},"excerpt":{"rendered":"<p>A cidade do Pilar chegou, neste fim de semana, ao quarto m\u00eas sem registrar crime de homic\u00eddio.<\/p>\n","protected":false},"author":1,"featured_media":15574,"comment_status":"open","ping_status":"open","sticky":false,"template":"","format":"standard","meta":{"footnotes":""},"categories":[60],"tags":[],"class_list":["post-15673","post","type-post","status-publish","format-standard","has-post-thumbnail","hentry","category-capa"],"_links":{"self":[{"href":"https:\/\/4cantosalagoas.com.br\/portal\/wp-json\/wp\/v2\/posts\/15673","targetHints":{"allow":["GET"]}}],"collection":[{"href":"https:\/\/4cantosalagoas.com.br\/portal\/wp-json\/wp\/v2\/posts"}],"about":[{"href":"https:\/\/4cantosalagoas.com.br\/portal\/wp-json\/wp\/v2\/types\/post"}],"author":[{"embeddable":true,"href":"https:\/\/4cantosalagoas.com.br\/portal\/wp-json\/wp\/v2\/users\/1"}],"replies":[{"embeddable":true,"href":"https:\/\/4cantosalagoas.com.br\/portal\/wp-json\/wp\/v2\/comments?post=15673"}],"version-history":[{"count":1,"href":"https:\/\/4cantosalagoas.com.br\/portal\/wp-json\/wp\/v2\/posts\/15673\/revisions"}],"predecessor-version":[{"id":15674,"href":"https:\/\/4cantosalagoas.com.br\/portal\/wp-json\/wp\/v2\/posts\/15673\/revisions\/15674"}],"wp:featuredmedia":[{"embeddable":true,"href":"https:\/\/4cantosalagoas.com.br\/portal\/wp-json\/wp\/v2\/media\/15574"}],"wp:attachment":[{"href":"https:\/\/4cantosalagoas.com.br\/portal\/wp-json\/wp\/v2\/media?parent=15673"}],"wp:term":[{"taxonomy":"category","embeddable":true,"href":"https:\/\/4cantosalagoas.com.br\/portal\/wp-json\/wp\/v2\/categories?post=15673"},{"taxonomy":"post_tag","embeddable":true,"href":"https:\/\/4cantosalagoas.com.br\/portal\/wp-json\/wp\/v2\/tags?post=15673"}],"curies":[{"name":"wp","href":"https:\/\/api.w.org\/{rel}","templated":true}]}}