{"id":15354,"date":"2021-07-01T07:27:59","date_gmt":"2021-07-01T10:27:59","guid":{"rendered":"http:\/\/4cantosalagoas.com.br\/portal\/?p=15354"},"modified":"2021-07-01T07:28:03","modified_gmt":"2021-07-01T10:28:03","slug":"delegada-indicia-jovem-por-estupro-de-vulneravel-contra-menina-de-12-anos","status":"publish","type":"post","link":"https:\/\/4cantosalagoas.com.br\/portal\/delegada-indicia-jovem-por-estupro-de-vulneravel-contra-menina-de-12-anos\/","title":{"rendered":"Delegada indicia jovem por estupro de vulner\u00e1vel contra menina de 12 anos"},"content":{"rendered":"\n<figure class=\"wp-block-image\"><img fetchpriority=\"high\" decoding=\"async\" width=\"750\" height=\"500\" src=\"http:\/\/4cantosalagoas.com.br\/portal\/wp-content\/uploads\/2021\/07\/Adriana_gusm\u00e3o.thumbnail.png\" alt=\"\" class=\"wp-image-15355\" srcset=\"https:\/\/4cantosalagoas.com.br\/portal\/wp-content\/uploads\/2021\/07\/Adriana_gusm\u00e3o.thumbnail.png 750w, https:\/\/4cantosalagoas.com.br\/portal\/wp-content\/uploads\/2021\/07\/Adriana_gusm\u00e3o.thumbnail-300x200.png 300w\" sizes=\"(max-width: 750px) 100vw, 750px\" \/><figcaption>Assessoria<\/figcaption><\/figure>\n\n\n\n<p>A delegada Adriana Gusm\u00e3o, titular da Delegacia Especializada dos Crimes Contra a Crian\u00e7a e o Adolescente, concluiu e enviou \u00e0 Justi\u00e7a o inqu\u00e9rito que apurou crime de estupro de vulner\u00e1vel contra uma menina de 12 anos. O acusado, um jovem de 22 anos, foi indiciado.<\/p>\n\n\n\n<p>De acordo com as investiga\u00e7\u00f5es, o caso foi denunciado \u00e0 pol\u00edcia no dia 27 de maio deste ano, ap\u00f3s o acusado ter ingerido bebidas alco\u00f3licas e agredir a garota com tapas no rosto e soco no est\u00f4mago, em sua casa, no bairro do Cana\u00e3, em Macei\u00f3.<\/p>\n\n\n\n<p>Inicialmente, uma equipe da Pol\u00edcia Militar foi chamada ao local e encontrou o suspeito dormindo. Ele \u00e9 apontado ainda como usu\u00e1rio de drogas.<\/p>\n\n\n\n<p>As agress\u00f5es foram confirmadas pela v\u00edtima, e o jovem acabou sendo levado para a Central de Flagrantes, no bairro do Farol, onde foi autuado pela delegada plantonista Elizabeth Sampaio.<\/p>\n\n\n\n<p>As investiga\u00e7\u00f5es esclareceram que os dois se conheceram pelo Facebook, marcaram encontro e passaram a se relacionar, embora a menina tivesse um namorado, na cidade de S\u00e3o Luiz do Quitunde, onde morava com os pais.<\/p>\n\n\n\n<p>Ap\u00f3s alguns dias, a menina voltou para aquela cidade, mas passou a ser amea\u00e7ada de morte e voltou para a casa do jovem indiciado, no bairro Cana\u00e3.<\/p>\n\n\n\n<p>A garota confessou que o jovem n\u00e3o foi a primeira pessoa com quem teve rela\u00e7\u00f5es sexuais, mas como \u00e9 menor de 14 anos, o relacionamento acabou sendo entendido pela delegada como estupro de vulner\u00e1vel, mesmo o acusado tendo dito que a menina afirmava que tinha 16 anos.<\/p>\n\n\n\n<p>A pol\u00edcia requereu ainda \u00e0 Justi\u00e7a a ado\u00e7\u00e3o de medidas protetivas em favor da v\u00edtima.<\/p>\n\n\n\n<p>Assessoria<\/p>\n","protected":false},"excerpt":{"rendered":"<p>A delegada Adriana Gusm\u00e3o, titular da Delegacia Especializada dos Crimes Contra a Crian\u00e7a e o Adolescente, concluiu<\/p>\n","protected":false},"author":1,"featured_media":15355,"comment_status":"open","ping_status":"open","sticky":false,"template":"","format":"standard","meta":{"footnotes":""},"categories":[60],"tags":[],"class_list":["post-15354","post","type-post","status-publish","format-standard","has-post-thumbnail","hentry","category-capa"],"_links":{"self":[{"href":"https:\/\/4cantosalagoas.com.br\/portal\/wp-json\/wp\/v2\/posts\/15354","targetHints":{"allow":["GET"]}}],"collection":[{"href":"https:\/\/4cantosalagoas.com.br\/portal\/wp-json\/wp\/v2\/posts"}],"about":[{"href":"https:\/\/4cantosalagoas.com.br\/portal\/wp-json\/wp\/v2\/types\/post"}],"author":[{"embeddable":true,"href":"https:\/\/4cantosalagoas.com.br\/portal\/wp-json\/wp\/v2\/users\/1"}],"replies":[{"embeddable":true,"href":"https:\/\/4cantosalagoas.com.br\/portal\/wp-json\/wp\/v2\/comments?post=15354"}],"version-history":[{"count":1,"href":"https:\/\/4cantosalagoas.com.br\/portal\/wp-json\/wp\/v2\/posts\/15354\/revisions"}],"predecessor-version":[{"id":15356,"href":"https:\/\/4cantosalagoas.com.br\/portal\/wp-json\/wp\/v2\/posts\/15354\/revisions\/15356"}],"wp:featuredmedia":[{"embeddable":true,"href":"https:\/\/4cantosalagoas.com.br\/portal\/wp-json\/wp\/v2\/media\/15355"}],"wp:attachment":[{"href":"https:\/\/4cantosalagoas.com.br\/portal\/wp-json\/wp\/v2\/media?parent=15354"}],"wp:term":[{"taxonomy":"category","embeddable":true,"href":"https:\/\/4cantosalagoas.com.br\/portal\/wp-json\/wp\/v2\/categories?post=15354"},{"taxonomy":"post_tag","embeddable":true,"href":"https:\/\/4cantosalagoas.com.br\/portal\/wp-json\/wp\/v2\/tags?post=15354"}],"curies":[{"name":"wp","href":"https:\/\/api.w.org\/{rel}","templated":true}]}}