{"id":15352,"date":"2021-07-01T07:25:21","date_gmt":"2021-07-01T10:25:21","guid":{"rendered":"http:\/\/4cantosalagoas.com.br\/portal\/?p=15352"},"modified":"2021-07-01T07:25:25","modified_gmt":"2021-07-01T10:25:25","slug":"maceio-antecipa-vacinacao-para-quem-tinha-a-2a-dose-da-astrazeneca-agendada-ate-o-dia-9-de-julho","status":"publish","type":"post","link":"https:\/\/4cantosalagoas.com.br\/portal\/maceio-antecipa-vacinacao-para-quem-tinha-a-2a-dose-da-astrazeneca-agendada-ate-o-dia-9-de-julho\/","title":{"rendered":"Macei\u00f3 antecipa vacina\u00e7\u00e3o para quem tinha a 2\u00aa dose da Astrazeneca agendada at\u00e9 o dia 9 de julho"},"content":{"rendered":"\n<figure class=\"wp-block-image\"><img fetchpriority=\"high\" decoding=\"async\" width=\"628\" height=\"469\" src=\"http:\/\/4cantosalagoas.com.br\/portal\/wp-content\/uploads\/2019\/04\/vacinayg.jpg\" alt=\"\" class=\"wp-image-7000\" srcset=\"https:\/\/4cantosalagoas.com.br\/portal\/wp-content\/uploads\/2019\/04\/vacinayg.jpg 628w, https:\/\/4cantosalagoas.com.br\/portal\/wp-content\/uploads\/2019\/04\/vacinayg-300x224.jpg 300w\" sizes=\"(max-width: 628px) 100vw, 628px\" \/><figcaption>Arquivo 4cantosalagoas<\/figcaption><\/figure>\n\n\n\n<p>Com o objetivo de garantir a imuniza\u00e7\u00e3o dos maceioenses e refor\u00e7ar a necessidade de tomar as duas doses, a Prefeitura de Macei\u00f3 antecipa, a partir desta quarta-feira (30), o calend\u00e1rio de vacina\u00e7\u00e3o contra Covid-19 para pessoas que tinham a aplica\u00e7\u00e3o da 2\u00aa dose agendada at\u00e9 o dia 9 de julho.&nbsp;<\/p>\n\n\n\n<p>\u201cS\u00f3 dessa maneira \u00e9 que as pessoas v\u00e3o ter a garantia de que est\u00e3o protegidas contra formas graves da Covid-19. N\u00e3o podemos tomar uma dose somente e acreditarmos que fomos imunizados. Precisamos conscientizar familiares, pessoas pr\u00f3ximas e a quem pudermos alcan\u00e7ar que a vacina salva vidas, e isso s\u00f3 vai acontecer se a&nbsp; imuniza\u00e7\u00e3o for conclu\u00edda com a 2\u00aa dose\u201d, alertou a secret\u00e1ria de Sa\u00fade C\u00e9lia Fernandes.<\/p>\n\n\n\n<p>A 2\u00aa dose da astrazeneca est\u00e1 dispon\u00edvel, das 9h \u00e0s 16h, nos oito pontos de vacina\u00e7\u00e3o distribu\u00eddos pela cidade : drive-thru do Estacionamento do Jaragu\u00e1, drive-thru da Justi\u00e7a Federal (Serraria), P\u00e1tio Shopping (Cidade Universit\u00e1ria), Macei\u00f3 Shopping (Mangabeiras), Gin\u00e1sio Arivaldo Maia (no Jacintinho), Pap\u00f3dromo (Vergel do Lago), Pra\u00e7a Padre C\u00edcero (Benedito Bentes) e Terminal do Osman Loureiro. J\u00e1 a 2\u00aa dose de CoronaVac est\u00e1 sendo administrada no shopping P\u00e1tio (Cidade Universit\u00e1ria).<\/p>\n\n\n\n<p>Mais informa\u00e7\u00f5es sobre vacina podem ser acessadas no&nbsp;<a href=\"https:\/\/vacina.maceio.al.gov.br\/\" target=\"_blank\" rel=\"noreferrer noopener\">www.vacina.maceio.al.gov.br<\/a><\/p>\n\n\n\n<p>Ascom \u2013 Sa\u00fade<\/p>\n","protected":false},"excerpt":{"rendered":"<p>Com o objetivo de garantir a imuniza\u00e7\u00e3o dos maceioenses e refor\u00e7ar a necessidade de tomar as duas<\/p>\n","protected":false},"author":1,"featured_media":7000,"comment_status":"open","ping_status":"open","sticky":false,"template":"","format":"standard","meta":{"footnotes":""},"categories":[5],"tags":[],"class_list":["post-15352","post","type-post","status-publish","format-standard","has-post-thumbnail","hentry","category-maceio"],"_links":{"self":[{"href":"https:\/\/4cantosalagoas.com.br\/portal\/wp-json\/wp\/v2\/posts\/15352","targetHints":{"allow":["GET"]}}],"collection":[{"href":"https:\/\/4cantosalagoas.com.br\/portal\/wp-json\/wp\/v2\/posts"}],"about":[{"href":"https:\/\/4cantosalagoas.com.br\/portal\/wp-json\/wp\/v2\/types\/post"}],"author":[{"embeddable":true,"href":"https:\/\/4cantosalagoas.com.br\/portal\/wp-json\/wp\/v2\/users\/1"}],"replies":[{"embeddable":true,"href":"https:\/\/4cantosalagoas.com.br\/portal\/wp-json\/wp\/v2\/comments?post=15352"}],"version-history":[{"count":1,"href":"https:\/\/4cantosalagoas.com.br\/portal\/wp-json\/wp\/v2\/posts\/15352\/revisions"}],"predecessor-version":[{"id":15353,"href":"https:\/\/4cantosalagoas.com.br\/portal\/wp-json\/wp\/v2\/posts\/15352\/revisions\/15353"}],"wp:featuredmedia":[{"embeddable":true,"href":"https:\/\/4cantosalagoas.com.br\/portal\/wp-json\/wp\/v2\/media\/7000"}],"wp:attachment":[{"href":"https:\/\/4cantosalagoas.com.br\/portal\/wp-json\/wp\/v2\/media?parent=15352"}],"wp:term":[{"taxonomy":"category","embeddable":true,"href":"https:\/\/4cantosalagoas.com.br\/portal\/wp-json\/wp\/v2\/categories?post=15352"},{"taxonomy":"post_tag","embeddable":true,"href":"https:\/\/4cantosalagoas.com.br\/portal\/wp-json\/wp\/v2\/tags?post=15352"}],"curies":[{"name":"wp","href":"https:\/\/api.w.org\/{rel}","templated":true}]}}