{"id":15349,"date":"2021-07-01T07:22:25","date_gmt":"2021-07-01T10:22:25","guid":{"rendered":"http:\/\/4cantosalagoas.com.br\/portal\/?p=15349"},"modified":"2021-07-01T07:22:29","modified_gmt":"2021-07-01T10:22:29","slug":"onibus-da-vacina-estara-quinta-feira-1o-no-rosane-collor-parte-alta-de-maceio","status":"publish","type":"post","link":"https:\/\/4cantosalagoas.com.br\/portal\/onibus-da-vacina-estara-quinta-feira-1o-no-rosane-collor-parte-alta-de-maceio\/","title":{"rendered":"\u00d4nibus da vacina estar\u00e1 quinta-feira (1\u00ba) no Rosane Collor, parte alta de Macei\u00f3"},"content":{"rendered":"\n<figure class=\"wp-block-image\"><img fetchpriority=\"high\" decoding=\"async\" width=\"1536\" height=\"1024\" src=\"https:\/\/i2.wp.com\/4cantosalagoas.com.br\/portal\/wp-content\/uploads\/2021\/07\/\u00f4nibus.jpg?fit=1024%2C683\" alt=\"\" class=\"wp-image-15350\" srcset=\"https:\/\/4cantosalagoas.com.br\/portal\/wp-content\/uploads\/2021\/07\/\u00f4nibus.jpg 1536w, https:\/\/4cantosalagoas.com.br\/portal\/wp-content\/uploads\/2021\/07\/\u00f4nibus-300x200.jpg 300w, https:\/\/4cantosalagoas.com.br\/portal\/wp-content\/uploads\/2021\/07\/\u00f4nibus-768x512.jpg 768w, https:\/\/4cantosalagoas.com.br\/portal\/wp-content\/uploads\/2021\/07\/\u00f4nibus-1024x683.jpg 1024w\" sizes=\"(max-width: 1536px) 100vw, 1536px\" \/><figcaption> <br>Foto: Edvan Ferreira \u2013 Secom <\/figcaption><\/figure>\n\n\n\n<p>Mais uma ferramenta importante na imuniza\u00e7\u00e3o das pessoas em Macei\u00f3, o \u00f4nibus da vacina contra a Covid-19 ficar\u00e1 estacionado, nesta quinta-feira (1\u00b0), na Rua Maria Hosana, pr\u00f3xima do terminal de \u00f4nibus do Rosane Collor, parte alta da capital. Nesta quarta-feira (30), o ve\u00edculo ficou na Pra\u00e7a Deodoro, onde vacinou quase 400 pessoas. As vagas para vacina\u00e7\u00e3o contra a Covid-19 s\u00e3o limitadas.<\/p>\n\n\n\n<p>No come\u00e7o desta semana, o \u00f4nibus j\u00e1 havia ultrapassado as mais de 5 mil doses administradas no combate ao coronav\u00edrus. At\u00e9 o momento, a unidade m\u00f3vel j\u00e1 percorreu mais de 15 bairros da capital, imunizando, em m\u00e9dia, 300 pessoas por dia. A expectativa \u00e9 de que o ve\u00edculo esteja em 29 localidades da capital, at\u00e9 o dia 7 de julho, podendo ter sua estada em Macei\u00f3 prorrogada.<\/p>\n\n\n\n<p><strong>Sobre o \u00f4nibus<\/strong>&nbsp;\u2013 O \u00f4nibus da vacina \u00e9 resultado de uma parceria da Prefeitura de Macei\u00f3 com a Cruz Vermelha e apoio financeiro da Mercedes-Benz e do Governo da Alemanha. Macei\u00f3 foi a primeira cidade da Am\u00e9rica Latina a receber o ve\u00edculo, que foi criado com o intuito de acelerar a imuniza\u00e7\u00e3o contra a Covid-19 nas localidades por onde passar. No Nordeste, a unidade m\u00f3vel ainda passar\u00e1 por Natal, Fortaleza e S\u00e3o Lu\u00eds.<\/p>\n\n\n\n<p>Mais informa\u00e7\u00f5es sobre vacina podem ser conferidas no endere\u00e7o eletr\u00f4nico www.vacina.maceio.al.gov.br.<\/p>\n\n\n\n<p>Ascom SMS<\/p>\n","protected":false},"excerpt":{"rendered":"<p>Mais uma ferramenta importante na imuniza\u00e7\u00e3o das pessoas em Macei\u00f3, o \u00f4nibus da vacina contra a Covid-19<\/p>\n","protected":false},"author":1,"featured_media":15350,"comment_status":"open","ping_status":"open","sticky":false,"template":"","format":"standard","meta":{"footnotes":""},"categories":[60],"tags":[],"class_list":["post-15349","post","type-post","status-publish","format-standard","has-post-thumbnail","hentry","category-capa"],"_links":{"self":[{"href":"https:\/\/4cantosalagoas.com.br\/portal\/wp-json\/wp\/v2\/posts\/15349","targetHints":{"allow":["GET"]}}],"collection":[{"href":"https:\/\/4cantosalagoas.com.br\/portal\/wp-json\/wp\/v2\/posts"}],"about":[{"href":"https:\/\/4cantosalagoas.com.br\/portal\/wp-json\/wp\/v2\/types\/post"}],"author":[{"embeddable":true,"href":"https:\/\/4cantosalagoas.com.br\/portal\/wp-json\/wp\/v2\/users\/1"}],"replies":[{"embeddable":true,"href":"https:\/\/4cantosalagoas.com.br\/portal\/wp-json\/wp\/v2\/comments?post=15349"}],"version-history":[{"count":1,"href":"https:\/\/4cantosalagoas.com.br\/portal\/wp-json\/wp\/v2\/posts\/15349\/revisions"}],"predecessor-version":[{"id":15351,"href":"https:\/\/4cantosalagoas.com.br\/portal\/wp-json\/wp\/v2\/posts\/15349\/revisions\/15351"}],"wp:featuredmedia":[{"embeddable":true,"href":"https:\/\/4cantosalagoas.com.br\/portal\/wp-json\/wp\/v2\/media\/15350"}],"wp:attachment":[{"href":"https:\/\/4cantosalagoas.com.br\/portal\/wp-json\/wp\/v2\/media?parent=15349"}],"wp:term":[{"taxonomy":"category","embeddable":true,"href":"https:\/\/4cantosalagoas.com.br\/portal\/wp-json\/wp\/v2\/categories?post=15349"},{"taxonomy":"post_tag","embeddable":true,"href":"https:\/\/4cantosalagoas.com.br\/portal\/wp-json\/wp\/v2\/tags?post=15349"}],"curies":[{"name":"wp","href":"https:\/\/api.w.org\/{rel}","templated":true}]}}