{"id":15330,"date":"2021-06-29T06:23:16","date_gmt":"2021-06-29T09:23:16","guid":{"rendered":"http:\/\/4cantosalagoas.com.br\/portal\/?p=15330"},"modified":"2021-06-29T06:23:21","modified_gmt":"2021-06-29T09:23:21","slug":"maceio-inicia-vacinacao-de-pessoas-com-41-anos-nesta-segunda-feira-28","status":"publish","type":"post","link":"https:\/\/4cantosalagoas.com.br\/portal\/maceio-inicia-vacinacao-de-pessoas-com-41-anos-nesta-segunda-feira-28\/","title":{"rendered":"Macei\u00f3 inicia vacina\u00e7\u00e3o de pessoas com 41 anos nesta segunda-feira (28)"},"content":{"rendered":"\n<figure class=\"wp-block-image\"><img fetchpriority=\"high\" decoding=\"async\" width=\"1024\" height=\"682\" src=\"https:\/\/i2.wp.com\/4cantosalagoas.com.br\/portal\/wp-content\/uploads\/2021\/06\/Vacina\u00e7\u00e3o-Foto-Edvan-Ferreira.jpeg?fit=1024%2C682\" alt=\"\" class=\"wp-image-15331\" srcset=\"https:\/\/4cantosalagoas.com.br\/portal\/wp-content\/uploads\/2021\/06\/Vacina\u00e7\u00e3o-Foto-Edvan-Ferreira.jpeg 1024w, https:\/\/4cantosalagoas.com.br\/portal\/wp-content\/uploads\/2021\/06\/Vacina\u00e7\u00e3o-Foto-Edvan-Ferreira-300x200.jpeg 300w, https:\/\/4cantosalagoas.com.br\/portal\/wp-content\/uploads\/2021\/06\/Vacina\u00e7\u00e3o-Foto-Edvan-Ferreira-768x512.jpeg 768w\" sizes=\"(max-width: 1024px) 100vw, 1024px\" \/><figcaption> <br>Macei\u00f3 amplia vacina\u00e7\u00e3o para pessoas com 41 anos (Foto: Edvan Ferreira\/ Secom Macei\u00f3) <\/figcaption><\/figure>\n\n\n\n<p>A Prefeitura de Macei\u00f3 antecipou a vacina\u00e7\u00e3o de pessoas com 41 anos sem comorbidades. A partir das 14h desta segunda-feira (28), integrantes deste grupo e remanescentes das etapas anteriores poder\u00e3o se dirigir a um dos pontos de vacina\u00e7\u00e3o. O \u00f4nibus da vacina j\u00e1 come\u00e7a hoje a vacinar pessoas a partir dos 40 anos.<\/p>\n\n\n\n<p>Quatro pontos funcionar\u00e3o em sistema de coruj\u00e3o, das 9h \u00e0s 21h, que s\u00e3o o drive-thru de Jaragu\u00e1, o drive-thru da Justi\u00e7a Federal (Serraria), o Macei\u00f3 Shopping (Mangabeiras) e o P\u00e1tio Shopping (Cidade Universit\u00e1ria).<\/p>\n\n\n\n<p>Os demais pontos que abrem das 9h \u00e0s 16h: Gin\u00e1sio Arivaldo Maia (Jacintinho), Pap\u00f3dromo (Vergel do Lago), Pra\u00e7a Padre C\u00edcero (Benedito Bentes) e Terminal do Osman Loureiro.<\/p>\n\n\n\n<p>A imuniza\u00e7\u00e3o acontece ainda no \u00f4nibus da vacina, que est\u00e1 hoje, at\u00e9 \u00e0s 16h, no Vale do Reginaldo. Amanh\u00e3 (29), a unidade m\u00f3vel estar\u00e1 no Salvador Lyra, das 9h \u00e0s 16h, em frente ao terminal de \u00f4nibus.<\/p>\n\n\n\n<p>Para se vacinar, basta que a pessoa leve documento com foto e CPF, al\u00e9m de original e c\u00f3pia do comprovante de resid\u00eancia.&nbsp;<\/p>\n\n\n\n<p>Mais informa\u00e7\u00f5es sobre vacina podem ser conferidas no endere\u00e7o eletr\u00f4nico www.vacina.maceio.al.gov.br.<\/p>\n\n\n\n<p>Assessoria<\/p>\n","protected":false},"excerpt":{"rendered":"<p>A Prefeitura de Macei\u00f3 antecipou a vacina\u00e7\u00e3o de pessoas com 41 anos sem comorbidades. A partir das<\/p>\n","protected":false},"author":1,"featured_media":15331,"comment_status":"open","ping_status":"open","sticky":false,"template":"","format":"standard","meta":{"footnotes":""},"categories":[60],"tags":[],"class_list":["post-15330","post","type-post","status-publish","format-standard","has-post-thumbnail","hentry","category-capa"],"_links":{"self":[{"href":"https:\/\/4cantosalagoas.com.br\/portal\/wp-json\/wp\/v2\/posts\/15330","targetHints":{"allow":["GET"]}}],"collection":[{"href":"https:\/\/4cantosalagoas.com.br\/portal\/wp-json\/wp\/v2\/posts"}],"about":[{"href":"https:\/\/4cantosalagoas.com.br\/portal\/wp-json\/wp\/v2\/types\/post"}],"author":[{"embeddable":true,"href":"https:\/\/4cantosalagoas.com.br\/portal\/wp-json\/wp\/v2\/users\/1"}],"replies":[{"embeddable":true,"href":"https:\/\/4cantosalagoas.com.br\/portal\/wp-json\/wp\/v2\/comments?post=15330"}],"version-history":[{"count":1,"href":"https:\/\/4cantosalagoas.com.br\/portal\/wp-json\/wp\/v2\/posts\/15330\/revisions"}],"predecessor-version":[{"id":15332,"href":"https:\/\/4cantosalagoas.com.br\/portal\/wp-json\/wp\/v2\/posts\/15330\/revisions\/15332"}],"wp:featuredmedia":[{"embeddable":true,"href":"https:\/\/4cantosalagoas.com.br\/portal\/wp-json\/wp\/v2\/media\/15331"}],"wp:attachment":[{"href":"https:\/\/4cantosalagoas.com.br\/portal\/wp-json\/wp\/v2\/media?parent=15330"}],"wp:term":[{"taxonomy":"category","embeddable":true,"href":"https:\/\/4cantosalagoas.com.br\/portal\/wp-json\/wp\/v2\/categories?post=15330"},{"taxonomy":"post_tag","embeddable":true,"href":"https:\/\/4cantosalagoas.com.br\/portal\/wp-json\/wp\/v2\/tags?post=15330"}],"curies":[{"name":"wp","href":"https:\/\/api.w.org\/{rel}","templated":true}]}}