{"id":15293,"date":"2021-06-24T06:10:03","date_gmt":"2021-06-24T09:10:03","guid":{"rendered":"http:\/\/4cantosalagoas.com.br\/portal\/?p=15293"},"modified":"2021-06-24T06:10:06","modified_gmt":"2021-06-24T09:10:06","slug":"confira-como-sera-a-vacinacao-no-feriado-em-maceio","status":"publish","type":"post","link":"https:\/\/4cantosalagoas.com.br\/portal\/confira-como-sera-a-vacinacao-no-feriado-em-maceio\/","title":{"rendered":"Confira como ser\u00e1 a vacina\u00e7\u00e3o no feriado em Macei\u00f3"},"content":{"rendered":"\n<figure class=\"wp-block-image\"><img fetchpriority=\"high\" decoding=\"async\" width=\"1024\" height=\"682\" src=\"https:\/\/i0.wp.com\/4cantosalagoas.com.br\/portal\/wp-content\/uploads\/2021\/06\/vac-1.jpeg?fit=1024%2C682\" alt=\"\" class=\"wp-image-15294\" srcset=\"https:\/\/4cantosalagoas.com.br\/portal\/wp-content\/uploads\/2021\/06\/vac-1.jpeg 1024w, https:\/\/4cantosalagoas.com.br\/portal\/wp-content\/uploads\/2021\/06\/vac-1-300x200.jpeg 300w, https:\/\/4cantosalagoas.com.br\/portal\/wp-content\/uploads\/2021\/06\/vac-1-768x512.jpeg 768w\" sizes=\"(max-width: 1024px) 100vw, 1024px\" \/><figcaption> <br>Nesta quinta-feira (24), o \u00f4nibus da vacina\u00e7\u00e3o estar\u00e1, das 9h \u00e0s 16h, no Terminal em frente \u00e0 Unidade de Sa\u00fade Arthur Ramos, no Henrique Equelman. <\/figcaption><\/figure>\n\n\n\n<p>A Prefeitura de Macei\u00f3 mant\u00e9m a campanha de imuniza\u00e7\u00e3o contra a covid-19 nesta quinta-feira (24), no feriado de S\u00e3o Jo\u00e3o. Atualmente, est\u00e3o sendo vacinados, nos oito pontos fixos da capital, as pessoas com 48 anos e remanescentes das etapas anteriores. J\u00e1 o \u00f4nibus da vacina\u00e7\u00e3o come\u00e7ar\u00e1 a vacinar as pessoas com 47 anos sem comorbidade.<\/p>\n\n\n\n<p>A vacina\u00e7\u00e3o acontecer\u00e1 em sistema de coruj\u00e3o, das 9h \u00e0s 21h, no drive-thru de Jaragu\u00e1,\u00a0 drive-thru da Justi\u00e7a Federal (Serraria), Macei\u00f3 Shopping (Mangabeiras) e P\u00e1tio Shopping (Cidade Universit\u00e1ria). No Gin\u00e1sio Arivaldo Maia (Jacintinho), Pap\u00f3dromo (Vergel do Lago), Pra\u00e7a Padre C\u00edcero (Benedito Bentes) e Terminal do Osman Loureiro a vacina\u00e7\u00e3o acontece das 9h \u00e0s 16h.<\/p>\n\n\n\n<p>A 2\u00aa dose da Astrazeneca tamb\u00e9m ser\u00e1 administrada nos oito pontos de vacina\u00e7\u00e3o. J\u00e1 a 2\u00aa dose da Coronavac continua sendo aplicada no P\u00e1tio Shopping.<\/p>\n\n\n\n<p>Mais informa\u00e7\u00f5es sobre a vacina podem ser conferidas no www.vacina.maceio.al.gov.br.<\/p>\n","protected":false},"excerpt":{"rendered":"<p>A Prefeitura de Macei\u00f3 mant\u00e9m a campanha de imuniza\u00e7\u00e3o contra a covid-19 nesta quinta-feira (24), no feriado<\/p>\n","protected":false},"author":1,"featured_media":15294,"comment_status":"open","ping_status":"open","sticky":false,"template":"","format":"standard","meta":{"footnotes":""},"categories":[60],"tags":[],"class_list":["post-15293","post","type-post","status-publish","format-standard","has-post-thumbnail","hentry","category-capa"],"_links":{"self":[{"href":"https:\/\/4cantosalagoas.com.br\/portal\/wp-json\/wp\/v2\/posts\/15293","targetHints":{"allow":["GET"]}}],"collection":[{"href":"https:\/\/4cantosalagoas.com.br\/portal\/wp-json\/wp\/v2\/posts"}],"about":[{"href":"https:\/\/4cantosalagoas.com.br\/portal\/wp-json\/wp\/v2\/types\/post"}],"author":[{"embeddable":true,"href":"https:\/\/4cantosalagoas.com.br\/portal\/wp-json\/wp\/v2\/users\/1"}],"replies":[{"embeddable":true,"href":"https:\/\/4cantosalagoas.com.br\/portal\/wp-json\/wp\/v2\/comments?post=15293"}],"version-history":[{"count":1,"href":"https:\/\/4cantosalagoas.com.br\/portal\/wp-json\/wp\/v2\/posts\/15293\/revisions"}],"predecessor-version":[{"id":15295,"href":"https:\/\/4cantosalagoas.com.br\/portal\/wp-json\/wp\/v2\/posts\/15293\/revisions\/15295"}],"wp:featuredmedia":[{"embeddable":true,"href":"https:\/\/4cantosalagoas.com.br\/portal\/wp-json\/wp\/v2\/media\/15294"}],"wp:attachment":[{"href":"https:\/\/4cantosalagoas.com.br\/portal\/wp-json\/wp\/v2\/media?parent=15293"}],"wp:term":[{"taxonomy":"category","embeddable":true,"href":"https:\/\/4cantosalagoas.com.br\/portal\/wp-json\/wp\/v2\/categories?post=15293"},{"taxonomy":"post_tag","embeddable":true,"href":"https:\/\/4cantosalagoas.com.br\/portal\/wp-json\/wp\/v2\/tags?post=15293"}],"curies":[{"name":"wp","href":"https:\/\/api.w.org\/{rel}","templated":true}]}}