{"id":15287,"date":"2021-06-22T18:27:30","date_gmt":"2021-06-22T21:27:30","guid":{"rendered":"http:\/\/4cantosalagoas.com.br\/portal\/?p=15287"},"modified":"2021-06-22T18:27:34","modified_gmt":"2021-06-22T21:27:34","slug":"maceio-antecipa-vacinacao-de-pessoas-com-48-anos-para-esta-terca-feira-22","status":"publish","type":"post","link":"https:\/\/4cantosalagoas.com.br\/portal\/maceio-antecipa-vacinacao-de-pessoas-com-48-anos-para-esta-terca-feira-22\/","title":{"rendered":"Macei\u00f3 antecipa vacina\u00e7\u00e3o de pessoas com 48 anos para esta ter\u00e7a-feira (22)"},"content":{"rendered":"\n<figure class=\"wp-block-image\"><img fetchpriority=\"high\" decoding=\"async\" width=\"1024\" height=\"682\" src=\"https:\/\/i1.wp.com\/4cantosalagoas.com.br\/portal\/wp-content\/uploads\/2021\/06\/vac.jpeg?fit=1024%2C682\" alt=\"\" class=\"wp-image-15288\" srcset=\"https:\/\/4cantosalagoas.com.br\/portal\/wp-content\/uploads\/2021\/06\/vac.jpeg 1024w, https:\/\/4cantosalagoas.com.br\/portal\/wp-content\/uploads\/2021\/06\/vac-300x200.jpeg 300w, https:\/\/4cantosalagoas.com.br\/portal\/wp-content\/uploads\/2021\/06\/vac-768x512.jpeg 768w\" sizes=\"(max-width: 1024px) 100vw, 1024px\" \/><figcaption> <br>Foto: Secom Macei\u00f3 <\/figcaption><\/figure>\n\n\n\n<p>A Prefeitura de Macei\u00f3 antecipou a vacina\u00e7\u00e3o contra a Covid-19 das pessoas que t\u00eam 48 anos sem comorbidades j\u00e1 para esta ter\u00e7a-feira (22) nos pontos que funcionam em sistema de coruj\u00e3o, das 9h \u00e0s 21h. A partir desta quarta-feira (23), a vacina\u00e7\u00e3o para o p\u00fablico se dar\u00e1 em todos os pontos instalados na cidade. Remanescentes de etapas anteriores tamb\u00e9m j\u00e1 podem receber o imunizante.<\/p>\n\n\n\n<p>Para garantir a imuniza\u00e7\u00e3o, o p\u00fablico deve se dirigir, a partir de hoje (22), ao drive-thru de Jaragu\u00e1, drive-thru da Justi\u00e7a Federal (Serraria), Macei\u00f3 Shopping (Mangabeiras) e o P\u00e1tio Shopping (Cidade Universit\u00e1ria).<\/p>\n\n\n\n<p>Os demais pontos que abrem das 9h \u00e0s 16h e tamb\u00e9m estar\u00e3o aplicando o imunizante a partir desta quarta-feira (23) s\u00e3o:&nbsp;Gin\u00e1sio Arivaldo Maia (Jacintinho), Pap\u00f3dromo (Vergel do Lago), Pra\u00e7a Padre C\u00edcero (Benedito Bentes) e Terminal do Osman Loureiro.<\/p>\n\n\n\n<p>Para se vacinar, \u00e9 necess\u00e1rio levar documento com foto e CPF, al\u00e9m de original e c\u00f3pia do comprovante de resid\u00eancia. O grupo pertencente \u00e0 faixa et\u00e1ria atual tamb\u00e9m j\u00e1 pode agendar sua imuniza\u00e7\u00e3o no site agendavacina.maceio.al.gov.br.<\/p>\n\n\n\n<p>Mais informa\u00e7\u00f5es sobre a vacina\u00e7\u00e3o est\u00e3o dispon\u00edveis em&nbsp;<a href=\"https:\/\/vacina.maceio.al.gov.br\/\">vacina.maceio.al.gov.br<\/a>&nbsp;.<\/p>\n\n\n\n<p>Polyanna Monteiro \/ Ascom\/SMS<\/p>\n","protected":false},"excerpt":{"rendered":"<p>A Prefeitura de Macei\u00f3 antecipou a vacina\u00e7\u00e3o contra a Covid-19 das pessoas que t\u00eam 48 anos sem<\/p>\n","protected":false},"author":1,"featured_media":15288,"comment_status":"open","ping_status":"open","sticky":false,"template":"","format":"standard","meta":{"footnotes":""},"categories":[60],"tags":[],"class_list":["post-15287","post","type-post","status-publish","format-standard","has-post-thumbnail","hentry","category-capa"],"_links":{"self":[{"href":"https:\/\/4cantosalagoas.com.br\/portal\/wp-json\/wp\/v2\/posts\/15287","targetHints":{"allow":["GET"]}}],"collection":[{"href":"https:\/\/4cantosalagoas.com.br\/portal\/wp-json\/wp\/v2\/posts"}],"about":[{"href":"https:\/\/4cantosalagoas.com.br\/portal\/wp-json\/wp\/v2\/types\/post"}],"author":[{"embeddable":true,"href":"https:\/\/4cantosalagoas.com.br\/portal\/wp-json\/wp\/v2\/users\/1"}],"replies":[{"embeddable":true,"href":"https:\/\/4cantosalagoas.com.br\/portal\/wp-json\/wp\/v2\/comments?post=15287"}],"version-history":[{"count":1,"href":"https:\/\/4cantosalagoas.com.br\/portal\/wp-json\/wp\/v2\/posts\/15287\/revisions"}],"predecessor-version":[{"id":15289,"href":"https:\/\/4cantosalagoas.com.br\/portal\/wp-json\/wp\/v2\/posts\/15287\/revisions\/15289"}],"wp:featuredmedia":[{"embeddable":true,"href":"https:\/\/4cantosalagoas.com.br\/portal\/wp-json\/wp\/v2\/media\/15288"}],"wp:attachment":[{"href":"https:\/\/4cantosalagoas.com.br\/portal\/wp-json\/wp\/v2\/media?parent=15287"}],"wp:term":[{"taxonomy":"category","embeddable":true,"href":"https:\/\/4cantosalagoas.com.br\/portal\/wp-json\/wp\/v2\/categories?post=15287"},{"taxonomy":"post_tag","embeddable":true,"href":"https:\/\/4cantosalagoas.com.br\/portal\/wp-json\/wp\/v2\/tags?post=15287"}],"curies":[{"name":"wp","href":"https:\/\/api.w.org\/{rel}","templated":true}]}}