{"id":15239,"date":"2021-06-18T08:34:20","date_gmt":"2021-06-18T11:34:20","guid":{"rendered":"http:\/\/4cantosalagoas.com.br\/portal\/?p=15239"},"modified":"2021-06-18T08:34:24","modified_gmt":"2021-06-18T11:34:24","slug":"jovem-e-preso-em-teotonio-vilela-por-estupro-de-vulneravel","status":"publish","type":"post","link":"https:\/\/4cantosalagoas.com.br\/portal\/jovem-e-preso-em-teotonio-vilela-por-estupro-de-vulneravel\/","title":{"rendered":"Jovem \u00e9 preso em Teot\u00f4nio Vilela por estupro de vulner\u00e1vel"},"content":{"rendered":"\n<figure class=\"wp-block-image\"><img fetchpriority=\"high\" decoding=\"async\" width=\"650\" height=\"412\" src=\"http:\/\/4cantosalagoas.com.br\/portal\/wp-content\/uploads\/2018\/01\/PC.jpg\" alt=\"\" class=\"wp-image-257\" srcset=\"https:\/\/4cantosalagoas.com.br\/portal\/wp-content\/uploads\/2018\/01\/PC.jpg 650w, https:\/\/4cantosalagoas.com.br\/portal\/wp-content\/uploads\/2018\/01\/PC-300x190.jpg 300w, https:\/\/4cantosalagoas.com.br\/portal\/wp-content\/uploads\/2018\/01\/PC-465x295.jpg 465w\" sizes=\"(max-width: 650px) 100vw, 650px\" \/><figcaption>Assessoria<\/figcaption><\/figure>\n\n\n\n<p> A Pol\u00edcia Civil de Teot\u00f4nio Vilela, coordenada pelo delegado Arthur C\u00e9sar, prendeu em flagrante, nesta quinta-feira (17), um jovem de 18 anos que vivia como marido e mulher com uma menina de apenas 12 anos.<br>O delegado informou que a den\u00fancia foi feita pelo Minist\u00e9rio P\u00fablico, ap\u00f3s este receber informa\u00e7\u00e3o do Conselho Tutelar.<br><\/p>\n\n\n\n<p>Arthur Cesar disse que, embora bastante comum, o relacionamento sexual de pessoas menores de 14 anos com maiores de 14 anos constitui crime de estupro de vulner\u00e1vel, ainda que a v\u00edtima tenha consentido com o ato.<br>Agora o homem est\u00e1 preso no Centro Integrado de Seguran\u00e7a P\u00fablica (Cisp), de Teot\u00f4nio Vilela, \u00e0 disposi\u00e7\u00e3o da Justi\u00e7a. <\/p>\n\n\n\n<p>Assessoria<\/p>\n","protected":false},"excerpt":{"rendered":"<p>A Pol\u00edcia Civil de Teot\u00f4nio Vilela, coordenada pelo delegado Arthur C\u00e9sar, prendeu em flagrante, nesta quinta-feira (17),<\/p>\n","protected":false},"author":1,"featured_media":257,"comment_status":"open","ping_status":"open","sticky":false,"template":"","format":"standard","meta":{"footnotes":""},"categories":[11],"tags":[],"class_list":["post-15239","post","type-post","status-publish","format-standard","has-post-thumbnail","hentry","category-policia"],"_links":{"self":[{"href":"https:\/\/4cantosalagoas.com.br\/portal\/wp-json\/wp\/v2\/posts\/15239","targetHints":{"allow":["GET"]}}],"collection":[{"href":"https:\/\/4cantosalagoas.com.br\/portal\/wp-json\/wp\/v2\/posts"}],"about":[{"href":"https:\/\/4cantosalagoas.com.br\/portal\/wp-json\/wp\/v2\/types\/post"}],"author":[{"embeddable":true,"href":"https:\/\/4cantosalagoas.com.br\/portal\/wp-json\/wp\/v2\/users\/1"}],"replies":[{"embeddable":true,"href":"https:\/\/4cantosalagoas.com.br\/portal\/wp-json\/wp\/v2\/comments?post=15239"}],"version-history":[{"count":1,"href":"https:\/\/4cantosalagoas.com.br\/portal\/wp-json\/wp\/v2\/posts\/15239\/revisions"}],"predecessor-version":[{"id":15240,"href":"https:\/\/4cantosalagoas.com.br\/portal\/wp-json\/wp\/v2\/posts\/15239\/revisions\/15240"}],"wp:featuredmedia":[{"embeddable":true,"href":"https:\/\/4cantosalagoas.com.br\/portal\/wp-json\/wp\/v2\/media\/257"}],"wp:attachment":[{"href":"https:\/\/4cantosalagoas.com.br\/portal\/wp-json\/wp\/v2\/media?parent=15239"}],"wp:term":[{"taxonomy":"category","embeddable":true,"href":"https:\/\/4cantosalagoas.com.br\/portal\/wp-json\/wp\/v2\/categories?post=15239"},{"taxonomy":"post_tag","embeddable":true,"href":"https:\/\/4cantosalagoas.com.br\/portal\/wp-json\/wp\/v2\/tags?post=15239"}],"curies":[{"name":"wp","href":"https:\/\/api.w.org\/{rel}","templated":true}]}}