{"id":15237,"date":"2021-06-18T08:32:31","date_gmt":"2021-06-18T11:32:31","guid":{"rendered":"http:\/\/4cantosalagoas.com.br\/portal\/?p=15237"},"modified":"2021-06-18T08:32:35","modified_gmt":"2021-06-18T11:32:35","slug":"operacao-entre-a-policia-civil-de-alagoas-e-do-df-prende-suspeito-de-pedofilia-em-marechal-deodoro","status":"publish","type":"post","link":"https:\/\/4cantosalagoas.com.br\/portal\/operacao-entre-a-policia-civil-de-alagoas-e-do-df-prende-suspeito-de-pedofilia-em-marechal-deodoro\/","title":{"rendered":"Opera\u00e7\u00e3o entre a Pol\u00edcia Civil de Alagoas e do DF prende suspeito de pedofilia em Marechal Deodoro"},"content":{"rendered":"\n<figure class=\"wp-block-image\"><img fetchpriority=\"high\" decoding=\"async\" width=\"752\" height=\"987\" src=\"http:\/\/4cantosalagoas.com.br\/portal\/wp-content\/uploads\/2020\/02\/Foto-logo-pc.jpg\" alt=\"\" class=\"wp-image-10366\" srcset=\"https:\/\/4cantosalagoas.com.br\/portal\/wp-content\/uploads\/2020\/02\/Foto-logo-pc.jpg 752w, https:\/\/4cantosalagoas.com.br\/portal\/wp-content\/uploads\/2020\/02\/Foto-logo-pc-229x300.jpg 229w\" sizes=\"(max-width: 752px) 100vw, 752px\" \/><figcaption>Assessoria\n\n\n\n<\/figcaption><\/figure>\n\n\n\n<p>Um homem de 38 anos foi preso no munic\u00edpio de Marechal Deodoro (AL), nesta quinta-feira (17), numa opera\u00e7\u00e3o deflagrada por meio de equipes das Pol\u00edcias Civis&nbsp;de Alagoas e do Distrito Federal, suspeito de praticar&nbsp;crime de pedofilia por meio da internet.&nbsp;As investiga\u00e7\u00f5es tiveram in\u00edcio em Bras\u00edlia e, ap\u00f3s mais de um m\u00eas, o suspeito foi localizado com o apoio da PC&nbsp;alagoana.<\/p>\n\n\n\n<p>Da a\u00e7\u00e3o participaram policiais&nbsp;civis do N\u00facleo de Intelig\u00eancia da Delegacia Geral da PCAL&nbsp;e&nbsp;da Delegacia de Defesa da Mulher da PCDF, informou que o suspeito foi pego de surpresa e que n\u00e3o resistiu \u00e0 pris\u00e3o. Com ele, foi apreendido um aparelho celular.&nbsp;<\/p>\n\n\n\n<p>A\u00a0delegada Talita N\u00f3brega, da Delegacia de Defesa da Mulher do Distrito Federal, veio com uma equipe da especializada da PCDF para participar da pris\u00e3o do suspeito. Ele\u00a0foi preso em cumprimento a mandado de pirs\u00e3o preventiva e levado para a Centrtal de Flagrantes, em Macei\u00f3.<\/p>\n\n\n\n<p>Assessoria<\/p>\n","protected":false},"excerpt":{"rendered":"<p>Um homem de 38 anos foi preso no munic\u00edpio de Marechal Deodoro (AL), nesta quinta-feira (17), numa<\/p>\n","protected":false},"author":1,"featured_media":10366,"comment_status":"open","ping_status":"open","sticky":false,"template":"","format":"standard","meta":{"footnotes":""},"categories":[60],"tags":[],"class_list":["post-15237","post","type-post","status-publish","format-standard","has-post-thumbnail","hentry","category-capa"],"_links":{"self":[{"href":"https:\/\/4cantosalagoas.com.br\/portal\/wp-json\/wp\/v2\/posts\/15237","targetHints":{"allow":["GET"]}}],"collection":[{"href":"https:\/\/4cantosalagoas.com.br\/portal\/wp-json\/wp\/v2\/posts"}],"about":[{"href":"https:\/\/4cantosalagoas.com.br\/portal\/wp-json\/wp\/v2\/types\/post"}],"author":[{"embeddable":true,"href":"https:\/\/4cantosalagoas.com.br\/portal\/wp-json\/wp\/v2\/users\/1"}],"replies":[{"embeddable":true,"href":"https:\/\/4cantosalagoas.com.br\/portal\/wp-json\/wp\/v2\/comments?post=15237"}],"version-history":[{"count":1,"href":"https:\/\/4cantosalagoas.com.br\/portal\/wp-json\/wp\/v2\/posts\/15237\/revisions"}],"predecessor-version":[{"id":15238,"href":"https:\/\/4cantosalagoas.com.br\/portal\/wp-json\/wp\/v2\/posts\/15237\/revisions\/15238"}],"wp:featuredmedia":[{"embeddable":true,"href":"https:\/\/4cantosalagoas.com.br\/portal\/wp-json\/wp\/v2\/media\/10366"}],"wp:attachment":[{"href":"https:\/\/4cantosalagoas.com.br\/portal\/wp-json\/wp\/v2\/media?parent=15237"}],"wp:term":[{"taxonomy":"category","embeddable":true,"href":"https:\/\/4cantosalagoas.com.br\/portal\/wp-json\/wp\/v2\/categories?post=15237"},{"taxonomy":"post_tag","embeddable":true,"href":"https:\/\/4cantosalagoas.com.br\/portal\/wp-json\/wp\/v2\/tags?post=15237"}],"curies":[{"name":"wp","href":"https:\/\/api.w.org\/{rel}","templated":true}]}}