{"id":15234,"date":"2021-06-17T10:02:05","date_gmt":"2021-06-17T13:02:05","guid":{"rendered":"http:\/\/4cantosalagoas.com.br\/portal\/?p=15234"},"modified":"2021-06-17T10:02:10","modified_gmt":"2021-06-17T13:02:10","slug":"maceio-inicia-ultima-fase-de-vacinacao-contra-a-influenza-na-sexta-18","status":"publish","type":"post","link":"https:\/\/4cantosalagoas.com.br\/portal\/maceio-inicia-ultima-fase-de-vacinacao-contra-a-influenza-na-sexta-18\/","title":{"rendered":"Macei\u00f3 inicia \u00faltima fase de vacina\u00e7\u00e3o contra a Influenza na sexta (18)"},"content":{"rendered":"\n<figure class=\"wp-block-image\"><img fetchpriority=\"high\" decoding=\"async\" width=\"1024\" height=\"731\" src=\"https:\/\/i2.wp.com\/4cantosalagoas.com.br\/portal\/wp-content\/uploads\/2021\/06\/vacina-1.jpeg?fit=1024%2C731\" alt=\"\" class=\"wp-image-15235\" srcset=\"https:\/\/4cantosalagoas.com.br\/portal\/wp-content\/uploads\/2021\/06\/vacina-1.jpeg 1024w, https:\/\/4cantosalagoas.com.br\/portal\/wp-content\/uploads\/2021\/06\/vacina-1-300x214.jpeg 300w, https:\/\/4cantosalagoas.com.br\/portal\/wp-content\/uploads\/2021\/06\/vacina-1-768x548.jpeg 768w\" sizes=\"(max-width: 1024px) 100vw, 1024px\" \/><figcaption> <br>Foto: Polyanna Monteiro\/Ascom SMS <\/figcaption><\/figure>\n\n\n\n<p>A \u00faltima fase de vacina\u00e7\u00e3o contra a Influenza tem in\u00edcio na pr\u00f3xima sexta-feira (18) e segue at\u00e9 o dia 9 de julho. A estimativa da Secretaria Municipal de Sa\u00fade (SMS) \u00e9 de ter imunizado 53.313 maceioenses ao final da etapa. At\u00e9 essa quarta-feira (15), foram vacinados 91.329 integrantes dos grupos priorit\u00e1rios. Esta semana, o maceioense poder\u00e1 contar com vacina\u00e7\u00e3o tamb\u00e9m no s\u00e1bado (19).<\/p>\n\n\n\n<p>O p\u00fablico-alvo s\u00e3o pessoas com comorbidades&nbsp;<a href=\"http:\/\/www.maceio.al.gov.br\/wp-content\/uploads\/2021\/06\/pdf\/2021\/06\/Comorbidades-Campanha-da-Influenza-em-16-06-2021.pdf\" target=\"_blank\" rel=\"noreferrer noopener\">(confira lista aqui)<\/a>, com defici\u00eancia permanente, caminhoneiros, trabalhadores do Transporte Coletivo Rodovi\u00e1rio de Passageiros Urbano e Longo Curso, trabalhadores portu\u00e1rios, profissionais das For\u00e7as de seguran\u00e7a e salvamento e das For\u00e7as Armadas, funcion\u00e1rios do Sistema de Priva\u00e7\u00e3o de liberdade, adolescentes e jovens em medidas socioeducativas e popula\u00e7\u00e3o privada de liberdade.<\/p>\n\n\n\n<p>Sandra Ferreira, t\u00e9cnica da Ger\u00eancia de Imuniza\u00e7\u00e3o da Secretaria Municipal de Sa\u00fade, fala sobre a import\u00e2ncia da vacina e faz uma chamamento para que a popula\u00e7\u00e3o compare\u00e7a aos pontos de vacina\u00e7\u00e3o o quanto antes.<\/p>\n\n\n\n<p>\u201cNossa cobertura vacinal est\u00e1 muito abaixo do estimado pelo Minist\u00e9rio da Sa\u00fade, mas isso ainda pode mudar. Mesmo aqueles que integram grupos pertencentes \u00e0s fases anteriores podem se dirigir \u00e0s unidades de sa\u00fade para se vacinar. S\u00f3 com a vacina n\u00f3s conseguimos diminuir o n\u00famero de casos de pessoas acometidas por essa doen\u00e7a que ainda \u00e9 bastante preocupante em n\u00edvel mundial\u201d, pontuou.<\/p>\n\n\n\n<p><strong>Vacina\u00e7\u00e3o acontece em 53 unidades de sa\u00fade<\/strong><\/p>\n\n\n\n<p>Para serem imunizados, os p\u00fablicos devem se dirigir a uma das 53 unidades de sa\u00fade que est\u00e3o aplicando a vacina munidos do cart\u00e3o de vacina\u00e7\u00e3o e um documento de identifica\u00e7\u00e3o com foto.&nbsp;<\/p>\n\n\n\n<p>Pu\u00e9rperas tamb\u00e9m precisam levar a certid\u00e3o de nascimento do filho\/filha, cart\u00e3o de gestante ou documento emitido pelo hospital que realizou o parto.<\/p>\n\n\n\n<p>Trabalhadores da sa\u00fade devem apresentar documenta\u00e7\u00e3o que comprove o exerc\u00edcio profissional atual, a exemplo do contracheque, declara\u00e7\u00e3o emitida pelo estabelecimento de sa\u00fade onde atua ou carteira do respectivo Conselho Profissional.<\/p>\n\n\n\n<p><a href=\"http:\/\/www.maceio.al.gov.br\/wp-content\/uploads\/2021\/06\/pdf\/2021\/06\/Unidades-B%C3%A1sicas-de-Sa%C3%BAde-Campanha-contra-a-Influenza-2021-2.pdf\" target=\"_blank\" rel=\"noreferrer noopener\">Confira aqui as unidades.<\/a><\/p>\n\n\n\n<p><strong>Recomenda\u00e7\u00f5es para recebimento do imunizante<\/strong><\/p>\n\n\n\n<p>A vacina contra a Influenza pode ser administrada na grande maioria dos casos. Dentre as poucas contraindica\u00e7\u00f5es para o recebimento, est\u00e3o as pessoas que possuem alergia \u00e0 prote\u00edna do ovo ou que apresentaram algum tipo de rea\u00e7\u00e3o severa (anafil\u00e1tica) a doses anteriores do imunizante.<\/p>\n\n\n\n<p>Outra recomenda\u00e7\u00e3o importante, feita pelo Minist\u00e9rio da Sa\u00fade, diz respeito ao intervalo necess\u00e1rio entre o recebimento da vacina contra a Covid-19 e da Influenza, que \u00e9 de 14 dias.&nbsp;<\/p>\n\n\n\n<p><strong>Vacina\u00e7\u00e3o no s\u00e1bado<\/strong><\/p>\n\n\n\n<p>No pr\u00f3ximo s\u00e1bado (19), a Prefeitura de Macei\u00f3 estar\u00e1 com nove unidades de sa\u00fade em funcionamento para realizar o servi\u00e7o. Os locais estar\u00e3o funcionando das 8h \u00e0s 16h.<\/p>\n\n\n\n<p><strong>Confira abaixo a rela\u00e7\u00e3o das unidades abertas para vacina\u00e7\u00e3o no s\u00e1bado:<\/strong><\/p>\n\n\n\n<p>\u2013 Unidade de Refer\u00eancia em Sa\u00fade Dr. Di\u00f3genes Juc\u00e1 Bernardes (II Centro)&nbsp;, Po\u00e7o;<br>&nbsp;\u2013 Unidade de Refer\u00eancia de Sa\u00fade Roland Simon, Vergel do Lago;<br>\u2013 Unidade de Sa\u00fade da Fam\u00edlia Jos\u00e9 Ara\u00fajo Silva, Jacintinho;<br>\u2013&nbsp; Unidade de Refer\u00eancia em Sa\u00fade da Pitanguinha, no Farol;<br>\u2013&nbsp; Centro de Sa\u00fade Dr. Hamilton Falc\u00e3o, Benedito Bentes;<br>\u2013 Unidade de Refer\u00eancia em Sa\u00fade Dr. Ib Gatto Falc\u00e3o, Tabuleiro do Martins;<br>\u2013 Unidade de Sa\u00fade Dr. Jo\u00e3o Marc\u00e1rio de Omena Filho, no Santos Dumont;<br>\u2013 Unidade de Sa\u00fade Dr. Djalma Loureiro, Clima Bom;<br>\u2013 Unidade de Sa\u00fade Maria Concei\u00e7\u00e3o Fonseca Paranhos, em Riacho Doce.<\/p>\n\n\n\n<p>Polyanna Monteiro\/Ascom SMS<\/p>\n","protected":false},"excerpt":{"rendered":"<p>A \u00faltima fase de vacina\u00e7\u00e3o contra a Influenza tem in\u00edcio na pr\u00f3xima sexta-feira (18) e segue at\u00e9<\/p>\n","protected":false},"author":1,"featured_media":15235,"comment_status":"open","ping_status":"open","sticky":false,"template":"","format":"standard","meta":{"footnotes":""},"categories":[60],"tags":[],"class_list":["post-15234","post","type-post","status-publish","format-standard","has-post-thumbnail","hentry","category-capa"],"_links":{"self":[{"href":"https:\/\/4cantosalagoas.com.br\/portal\/wp-json\/wp\/v2\/posts\/15234","targetHints":{"allow":["GET"]}}],"collection":[{"href":"https:\/\/4cantosalagoas.com.br\/portal\/wp-json\/wp\/v2\/posts"}],"about":[{"href":"https:\/\/4cantosalagoas.com.br\/portal\/wp-json\/wp\/v2\/types\/post"}],"author":[{"embeddable":true,"href":"https:\/\/4cantosalagoas.com.br\/portal\/wp-json\/wp\/v2\/users\/1"}],"replies":[{"embeddable":true,"href":"https:\/\/4cantosalagoas.com.br\/portal\/wp-json\/wp\/v2\/comments?post=15234"}],"version-history":[{"count":1,"href":"https:\/\/4cantosalagoas.com.br\/portal\/wp-json\/wp\/v2\/posts\/15234\/revisions"}],"predecessor-version":[{"id":15236,"href":"https:\/\/4cantosalagoas.com.br\/portal\/wp-json\/wp\/v2\/posts\/15234\/revisions\/15236"}],"wp:featuredmedia":[{"embeddable":true,"href":"https:\/\/4cantosalagoas.com.br\/portal\/wp-json\/wp\/v2\/media\/15235"}],"wp:attachment":[{"href":"https:\/\/4cantosalagoas.com.br\/portal\/wp-json\/wp\/v2\/media?parent=15234"}],"wp:term":[{"taxonomy":"category","embeddable":true,"href":"https:\/\/4cantosalagoas.com.br\/portal\/wp-json\/wp\/v2\/categories?post=15234"},{"taxonomy":"post_tag","embeddable":true,"href":"https:\/\/4cantosalagoas.com.br\/portal\/wp-json\/wp\/v2\/tags?post=15234"}],"curies":[{"name":"wp","href":"https:\/\/api.w.org\/{rel}","templated":true}]}}