{"id":15200,"date":"2021-06-14T20:30:24","date_gmt":"2021-06-14T23:30:24","guid":{"rendered":"http:\/\/4cantosalagoas.com.br\/portal\/?p=15200"},"modified":"2021-06-14T20:30:29","modified_gmt":"2021-06-14T23:30:29","slug":"terca-feira-defesa-civil-alerta-para-chuva-de-intensidade-moderada-em-maceio","status":"publish","type":"post","link":"https:\/\/4cantosalagoas.com.br\/portal\/terca-feira-defesa-civil-alerta-para-chuva-de-intensidade-moderada-em-maceio\/","title":{"rendered":"Ter\u00e7a-feira: Defesa Civil alerta para chuva de intensidade moderada em Macei\u00f3"},"content":{"rendered":"\n<figure class=\"wp-block-image\"><img fetchpriority=\"high\" decoding=\"async\" width=\"1024\" height=\"701\" src=\"http:\/\/4cantosalagoas.com.br\/portal\/wp-content\/uploads\/2019\/08\/chuvas-2-2-1024x701.jpg\" alt=\"\" class=\"wp-image-8539\" srcset=\"https:\/\/4cantosalagoas.com.br\/portal\/wp-content\/uploads\/2019\/08\/chuvas-2-2-1024x701.jpg 1024w, https:\/\/4cantosalagoas.com.br\/portal\/wp-content\/uploads\/2019\/08\/chuvas-2-2-300x205.jpg 300w, https:\/\/4cantosalagoas.com.br\/portal\/wp-content\/uploads\/2019\/08\/chuvas-2-2-768x526.jpg 768w, https:\/\/4cantosalagoas.com.br\/portal\/wp-content\/uploads\/2019\/08\/chuvas-2-2.jpg 1204w\" sizes=\"(max-width: 1024px) 100vw, 1024px\" \/><figcaption>Foto:  Gl\u00e9cio Rodrigues<\/figcaption><\/figure>\n\n\n\n<p>A Defesa Civil de Macei\u00f3 alerta a popula\u00e7\u00e3o para previs\u00e3o de chuva com intensidade moderada a partir da noite desta segunda-feira (14). O aviso meteorol\u00f3gico emitido pela Sala de Alerta da Secretaria Estadual de Meio Ambiente e Recursos H\u00eddricos de Alagoas aponta para acumulados significativos de chuva que podem se estender at\u00e9 ter\u00e7a-feira (15).<\/p>\n\n\n\n<p>De acordo com o documento da Semarh, as condi\u00e7\u00f5es atmosf\u00e9ricas sobre o leste do Nordeste do Brasil est\u00e3o favor\u00e1veis \u00e0 ocorr\u00eancia de chuvas com intensidade moderada e algumas pancadas intensas.<\/p>\n\n\n\n<p>Nestas condi\u00e7\u00f5es, h\u00e1 risco moderado de movimenta\u00e7\u00e3o de massa em \u00e1reas de encosta e pequenos alagamentos, mas n\u00e3o h\u00e1 altera\u00e7\u00e3o no estado operacional do \u00f3rg\u00e3o, que permanece em observa\u00e7\u00e3o.<\/p>\n\n\n\n<p>A Defesa Civil orienta que, caso os moradores identifiquem alguma situa\u00e7\u00e3o de risco nos locais onde moram,&nbsp;<strong>acionem o \u00f3rg\u00e3o atrav\u00e9s do telefone 199<\/strong>, para realiza\u00e7\u00e3o de uma vistoria. O atendimento \u00e9 24 horas. E destaca que, em casos de emerg\u00eancia, busquem abrigos seguros, como casas de parentes.<\/p>\n\n\n\n<p>Outro servi\u00e7o que pode ajudar a popula\u00e7\u00e3o a agir de forma preventiva \u00e9 a mensagem de texto que \u00e9 disparada pelo \u00f3rg\u00e3o ao receber alertas. Para receber esse servi\u00e7o basta enviar uma mensagem de texto SMS para o n\u00famero 40199. No corpo do texto da mensagem basta escrever o n\u00famero do CEP de onde se mora. Em instantes voc\u00ea j\u00e1 recebe a confirma\u00e7\u00e3o de cadastro do servi\u00e7o de alerta.<\/p>\n\n\n\n<p>Erik Maia\/Secom Macei\u00f3<\/p>\n","protected":false},"excerpt":{"rendered":"<p>A Defesa Civil de Macei\u00f3 alerta a popula\u00e7\u00e3o para previs\u00e3o de chuva com intensidade moderada a partir<\/p>\n","protected":false},"author":1,"featured_media":8539,"comment_status":"open","ping_status":"open","sticky":false,"template":"","format":"standard","meta":{"footnotes":""},"categories":[60],"tags":[],"class_list":["post-15200","post","type-post","status-publish","format-standard","has-post-thumbnail","hentry","category-capa"],"_links":{"self":[{"href":"https:\/\/4cantosalagoas.com.br\/portal\/wp-json\/wp\/v2\/posts\/15200","targetHints":{"allow":["GET"]}}],"collection":[{"href":"https:\/\/4cantosalagoas.com.br\/portal\/wp-json\/wp\/v2\/posts"}],"about":[{"href":"https:\/\/4cantosalagoas.com.br\/portal\/wp-json\/wp\/v2\/types\/post"}],"author":[{"embeddable":true,"href":"https:\/\/4cantosalagoas.com.br\/portal\/wp-json\/wp\/v2\/users\/1"}],"replies":[{"embeddable":true,"href":"https:\/\/4cantosalagoas.com.br\/portal\/wp-json\/wp\/v2\/comments?post=15200"}],"version-history":[{"count":1,"href":"https:\/\/4cantosalagoas.com.br\/portal\/wp-json\/wp\/v2\/posts\/15200\/revisions"}],"predecessor-version":[{"id":15201,"href":"https:\/\/4cantosalagoas.com.br\/portal\/wp-json\/wp\/v2\/posts\/15200\/revisions\/15201"}],"wp:featuredmedia":[{"embeddable":true,"href":"https:\/\/4cantosalagoas.com.br\/portal\/wp-json\/wp\/v2\/media\/8539"}],"wp:attachment":[{"href":"https:\/\/4cantosalagoas.com.br\/portal\/wp-json\/wp\/v2\/media?parent=15200"}],"wp:term":[{"taxonomy":"category","embeddable":true,"href":"https:\/\/4cantosalagoas.com.br\/portal\/wp-json\/wp\/v2\/categories?post=15200"},{"taxonomy":"post_tag","embeddable":true,"href":"https:\/\/4cantosalagoas.com.br\/portal\/wp-json\/wp\/v2\/tags?post=15200"}],"curies":[{"name":"wp","href":"https:\/\/api.w.org\/{rel}","templated":true}]}}