{"id":15179,"date":"2021-06-12T08:54:42","date_gmt":"2021-06-12T11:54:42","guid":{"rendered":"http:\/\/4cantosalagoas.com.br\/portal\/?p=15179"},"modified":"2021-06-12T08:54:42","modified_gmt":"2021-06-12T11:54:42","slug":"tempo-seco-e-sol-entre-nuvens-em-alagoas","status":"publish","type":"post","link":"https:\/\/4cantosalagoas.com.br\/portal\/tempo-seco-e-sol-entre-nuvens-em-alagoas\/","title":{"rendered":"Tempo seco e sol entre nuvens em Alagoas"},"content":{"rendered":"\n<figure class=\"wp-block-image\"><img fetchpriority=\"high\" decoding=\"async\" width=\"960\" height=\"713\" src=\"http:\/\/4cantosalagoas.com.br\/portal\/wp-content\/uploads\/2021\/06\/po0.jpg\" alt=\"\" class=\"wp-image-15180\" srcset=\"https:\/\/4cantosalagoas.com.br\/portal\/wp-content\/uploads\/2021\/06\/po0.jpg 960w, https:\/\/4cantosalagoas.com.br\/portal\/wp-content\/uploads\/2021\/06\/po0-300x223.jpg 300w, https:\/\/4cantosalagoas.com.br\/portal\/wp-content\/uploads\/2021\/06\/po0-768x570.jpg 768w\" sizes=\"(max-width: 960px) 100vw, 960px\" \/><figcaption>Assessoria<\/figcaption><\/figure>\n\n\n\n<p>E o fim de semana em Alagoas deve ser de tempo seco e com sol entre poucas nuvens. \u00c9 o que aponta a previs\u00e3o do tempo divulgada pela Sala de Alerta da Secretaria de Estado do Meio Ambiente e dos Recursos H\u00eddricos (Semarh) nesta sexta-feira (11).<\/p>\n\n\n\n<p>Ainda nesta sexta, poss\u00edvel varia\u00e7\u00e3o de nebulosidade com predom\u00ednio de tempo seco entre a tarde e noite em Macei\u00f3, Litoral, Baixo S\u00e3o Francisco e Zona da Mata, com temperatura m\u00ednima que atinge os 22\u00b0C e m\u00e1xima de 29\u00b0C. No Agreste e Sert\u00e3o, per\u00edodos curtos de sol intercalados com nuvens, com temperatura m\u00ednima de 21\u00b0C e m\u00e1xima de 32\u00b0C.<\/p>\n\n\n\n<p>No s\u00e1bado (12), sol entre poucas nuvens em todas as regi\u00f5es de Alagoas. Os term\u00f4metros variam entre 23\u00b0C e 29\u00b0C na Capital, Litoral, Baixo S\u00e3o Francisco e Zona da Mata. J\u00e1 no Sert\u00e3o e Agreste, 22\u00b0C de m\u00ednima e 31\u00b0C de temperatura m\u00e1xima.<\/p>\n\n\n\n<p>Iniciando a nova semana, no domingo (13) o sol deve aparecer um pouco menos e o tempo fica parcialmente nublado em todas as regi\u00f5es. Em Macei\u00f3 e Litoral, 23\u00b0C e 29\u00b0C, Agreste, 21\u00b0C e 30\u00b0C, Sert\u00e3o, 20\u00b0C e 32\u00b0C, e Zona da Mata com 21\u00b0C e 29\u00b0C. \u00a0\u00a0<\/p>\n\n\n\n<p>Assessoria<\/p>\n","protected":false},"excerpt":{"rendered":"<p>E o fim de semana em Alagoas deve ser de tempo seco e com sol entre poucas<\/p>\n","protected":false},"author":1,"featured_media":15180,"comment_status":"open","ping_status":"open","sticky":false,"template":"","format":"standard","meta":{"footnotes":""},"categories":[60],"tags":[],"class_list":["post-15179","post","type-post","status-publish","format-standard","has-post-thumbnail","hentry","category-capa"],"_links":{"self":[{"href":"https:\/\/4cantosalagoas.com.br\/portal\/wp-json\/wp\/v2\/posts\/15179","targetHints":{"allow":["GET"]}}],"collection":[{"href":"https:\/\/4cantosalagoas.com.br\/portal\/wp-json\/wp\/v2\/posts"}],"about":[{"href":"https:\/\/4cantosalagoas.com.br\/portal\/wp-json\/wp\/v2\/types\/post"}],"author":[{"embeddable":true,"href":"https:\/\/4cantosalagoas.com.br\/portal\/wp-json\/wp\/v2\/users\/1"}],"replies":[{"embeddable":true,"href":"https:\/\/4cantosalagoas.com.br\/portal\/wp-json\/wp\/v2\/comments?post=15179"}],"version-history":[{"count":1,"href":"https:\/\/4cantosalagoas.com.br\/portal\/wp-json\/wp\/v2\/posts\/15179\/revisions"}],"predecessor-version":[{"id":15181,"href":"https:\/\/4cantosalagoas.com.br\/portal\/wp-json\/wp\/v2\/posts\/15179\/revisions\/15181"}],"wp:featuredmedia":[{"embeddable":true,"href":"https:\/\/4cantosalagoas.com.br\/portal\/wp-json\/wp\/v2\/media\/15180"}],"wp:attachment":[{"href":"https:\/\/4cantosalagoas.com.br\/portal\/wp-json\/wp\/v2\/media?parent=15179"}],"wp:term":[{"taxonomy":"category","embeddable":true,"href":"https:\/\/4cantosalagoas.com.br\/portal\/wp-json\/wp\/v2\/categories?post=15179"},{"taxonomy":"post_tag","embeddable":true,"href":"https:\/\/4cantosalagoas.com.br\/portal\/wp-json\/wp\/v2\/tags?post=15179"}],"curies":[{"name":"wp","href":"https:\/\/api.w.org\/{rel}","templated":true}]}}