{"id":15125,"date":"2021-06-07T11:19:38","date_gmt":"2021-06-07T14:19:38","guid":{"rendered":"http:\/\/4cantosalagoas.com.br\/portal\/?p=15125"},"modified":"2021-06-07T11:19:43","modified_gmt":"2021-06-07T14:19:43","slug":"preso-acusado-da-pratica-de-furto-qualificado-na-regiao-da-jatiuca","status":"publish","type":"post","link":"https:\/\/4cantosalagoas.com.br\/portal\/preso-acusado-da-pratica-de-furto-qualificado-na-regiao-da-jatiuca\/","title":{"rendered":"Preso acusado da pr\u00e1tica de furto qualificado na regi\u00e3o da Jati\u00faca"},"content":{"rendered":"\n<figure class=\"wp-block-image\"><img fetchpriority=\"high\" decoding=\"async\" width=\"750\" height=\"500\" src=\"http:\/\/4cantosalagoas.com.br\/portal\/wp-content\/uploads\/2020\/06\/pc.jpg\" alt=\"\" class=\"wp-image-11537\" srcset=\"https:\/\/4cantosalagoas.com.br\/portal\/wp-content\/uploads\/2020\/06\/pc.jpg 750w, https:\/\/4cantosalagoas.com.br\/portal\/wp-content\/uploads\/2020\/06\/pc-300x200.jpg 300w\" sizes=\"(max-width: 750px) 100vw, 750px\" \/><figcaption>Assessoria<\/figcaption><\/figure>\n\n\n\n<p>Ap\u00f3s investiga\u00e7\u00f5es visando solucionar uma s\u00e9rie roubos e invas\u00f5es a resid\u00eancias na regi\u00e3o do bairro da Jati\u00faca, o N\u00facleo de Intelig\u00eancia (NI) da Pol\u00edcia Civil de Alagoas, com o apoio da Opera\u00e7\u00e3o Policial Litor\u00e2nea Integrada (Oplit), prendeu na sexta-feira (4) um homem, de 50 anos de idade, por furto qualificado.<\/p>\n\n\n\n<p>Depois da identifica\u00e7\u00e3o do acusado, os policiais constataram que ele j\u00e1 tinha um mandado de pris\u00e3o em aberto pela pr\u00e1tica reincidente de furtos.<\/p>\n\n\n\n<p>A pris\u00e3o aconteceu na Rua Diegues J\u00fanior, na localidade conhecida como Vale do Reginaldo.<\/p>\n\n\n\n<p>Al\u00e9m da Jati\u00faca, o suspeito tamb\u00e9m atuaria no cometimento de furtos e arrombamento de resid\u00eancias nos bairro do Po\u00e7o e Paju\u00e7ara.<\/p>\n\n\n\n<p>As investiga\u00e7\u00f5es prosseguem objetivando a identifica\u00e7\u00e3o e a pris\u00e3o de outros suspeitos que estejam envolvidos em pr\u00e1ticas delituosas, seguindo a determina\u00e7\u00e3o do secret\u00e1rio Alfredo Gaspar e do delegado-geral da Pol\u00edcia Civil, Carlos Alberto Reis.<\/p>\n\n\n\n<p>Assessoria<\/p>\n","protected":false},"excerpt":{"rendered":"<p>Ap\u00f3s investiga\u00e7\u00f5es visando solucionar uma s\u00e9rie roubos e invas\u00f5es a resid\u00eancias na regi\u00e3o do bairro da Jati\u00faca,<\/p>\n","protected":false},"author":1,"featured_media":11537,"comment_status":"open","ping_status":"open","sticky":false,"template":"","format":"standard","meta":{"footnotes":""},"categories":[60],"tags":[],"class_list":["post-15125","post","type-post","status-publish","format-standard","has-post-thumbnail","hentry","category-capa"],"_links":{"self":[{"href":"https:\/\/4cantosalagoas.com.br\/portal\/wp-json\/wp\/v2\/posts\/15125","targetHints":{"allow":["GET"]}}],"collection":[{"href":"https:\/\/4cantosalagoas.com.br\/portal\/wp-json\/wp\/v2\/posts"}],"about":[{"href":"https:\/\/4cantosalagoas.com.br\/portal\/wp-json\/wp\/v2\/types\/post"}],"author":[{"embeddable":true,"href":"https:\/\/4cantosalagoas.com.br\/portal\/wp-json\/wp\/v2\/users\/1"}],"replies":[{"embeddable":true,"href":"https:\/\/4cantosalagoas.com.br\/portal\/wp-json\/wp\/v2\/comments?post=15125"}],"version-history":[{"count":1,"href":"https:\/\/4cantosalagoas.com.br\/portal\/wp-json\/wp\/v2\/posts\/15125\/revisions"}],"predecessor-version":[{"id":15126,"href":"https:\/\/4cantosalagoas.com.br\/portal\/wp-json\/wp\/v2\/posts\/15125\/revisions\/15126"}],"wp:featuredmedia":[{"embeddable":true,"href":"https:\/\/4cantosalagoas.com.br\/portal\/wp-json\/wp\/v2\/media\/11537"}],"wp:attachment":[{"href":"https:\/\/4cantosalagoas.com.br\/portal\/wp-json\/wp\/v2\/media?parent=15125"}],"wp:term":[{"taxonomy":"category","embeddable":true,"href":"https:\/\/4cantosalagoas.com.br\/portal\/wp-json\/wp\/v2\/categories?post=15125"},{"taxonomy":"post_tag","embeddable":true,"href":"https:\/\/4cantosalagoas.com.br\/portal\/wp-json\/wp\/v2\/tags?post=15125"}],"curies":[{"name":"wp","href":"https:\/\/api.w.org\/{rel}","templated":true}]}}