{"id":15066,"date":"2021-06-01T11:13:35","date_gmt":"2021-06-01T14:13:35","guid":{"rendered":"http:\/\/4cantosalagoas.com.br\/portal\/?p=15066"},"modified":"2021-06-01T11:13:39","modified_gmt":"2021-06-01T14:13:39","slug":"prazos-para-conselho-municipal-de-politicas-culturais-sao-prorrogados","status":"publish","type":"post","link":"https:\/\/4cantosalagoas.com.br\/portal\/prazos-para-conselho-municipal-de-politicas-culturais-sao-prorrogados\/","title":{"rendered":"Prazos para Conselho Municipal de Pol\u00edticas Culturais s\u00e3o prorrogados"},"content":{"rendered":"\n<figure class=\"wp-block-image\"><img fetchpriority=\"high\" decoding=\"async\" width=\"1280\" height=\"852\" src=\"https:\/\/i1.wp.com\/4cantosalagoas.com.br\/portal\/wp-content\/uploads\/2021\/06\/WhatsApp-Image-2021-05-24-at-17.08.39.jpeg?fit=1024%2C682\" alt=\"\" class=\"wp-image-15067\" srcset=\"https:\/\/4cantosalagoas.com.br\/portal\/wp-content\/uploads\/2021\/06\/WhatsApp-Image-2021-05-24-at-17.08.39.jpeg 1280w, https:\/\/4cantosalagoas.com.br\/portal\/wp-content\/uploads\/2021\/06\/WhatsApp-Image-2021-05-24-at-17.08.39-300x200.jpeg 300w, https:\/\/4cantosalagoas.com.br\/portal\/wp-content\/uploads\/2021\/06\/WhatsApp-Image-2021-05-24-at-17.08.39-768x511.jpeg 768w, https:\/\/4cantosalagoas.com.br\/portal\/wp-content\/uploads\/2021\/06\/WhatsApp-Image-2021-05-24-at-17.08.39-1024x682.jpeg 1024w\" sizes=\"(max-width: 1280px) 100vw, 1280px\" \/><figcaption>Assessoria<\/figcaption><\/figure>\n\n\n\n<p>A Funda\u00e7\u00e3o Municipal de A\u00e7\u00e3o Cultural (FMAC) comunica a prorroga\u00e7\u00e3o do prazo de inscri\u00e7\u00e3o e cadastramento dos eleitores, bem como da vota\u00e7\u00e3o, referentes \u00e0 elei\u00e7\u00e3o do Conselho Municipal de Pol\u00edticas Culturais (CMPC-Macei\u00f3) do bi\u00eanio 2021-2023. Os candidatos agora t\u00eam at\u00e9 o dia 18 de junho para participar. A decis\u00e3o considera o decreto de combate \u00e0 covid, publicado no \u00faltimo dia 26 de maio, pelo Governo do Estado.<\/p>\n\n\n\n<p>Para se inscrever, basta preencher o Formul\u00e1rio de Cadastramento dispon\u00edvel no\u00a0<a rel=\"noreferrer noopener\" href=\"https:\/\/http\/\/www.maceio.al.gov.br\/fmac\/\" target=\"_blank\">site da FMAC<\/a>, o qual dever\u00e1 ser digitalizado e enviado por\u00a0 e-mail, acompanhado da documenta\u00e7\u00e3o informada no\u00a0<a rel=\"noreferrer noopener\" href=\"http:\/\/www.maceio.al.gov.br\/wp-content\/uploads\/2021\/06\/pdf\/2021\/06\/publicado_82385_2021-05-31_085fa3b826e946b8759684cd98c314a5-2.pdf\" target=\"_blank\">Edital<\/a>.\u00a0<\/p>\n\n\n\n<p>A Funda\u00e7\u00e3o prestar\u00e1 todo o suporte para o preenchimento do registro para os eleitores e candidatos, sobretudo por quest\u00f5es de mobilidade urbana, hor\u00e1rios e presta\u00e7\u00e3o de servi\u00e7os p\u00fablicos. Ser\u00e3o disponibilizados meios de comunica\u00e7\u00e3o tanto para as inscri\u00e7\u00f5es, quanto para divulga\u00e7\u00e3o de candidaturas. S\u00e3o eles: o WhatsApp (82) 98882-8200; o e-mail&nbsp;<a href=\"mailto:fmacinscricoes@gmail.com\">fmacinscricoes@gmail.com<\/a>; e, por fim, o Instagram (@fmacmaceio);<\/p>\n\n\n\n<figure class=\"wp-block-image\"><img decoding=\"async\" src=\"http:\/\/www.maceio.al.gov.br\/wp-content\/uploads\/2021\/06\/jpg\/2021\/06\/da9796ec-2dd3-44dd-8c9e-aedd3ee3bb9f-819x1024.jpg\" alt=\"\" class=\"wp-image-409200\"\/><figcaption>Imagem: Divulga\u00e7\u00e3o<\/figcaption><\/figure>\n\n\n\n<p>Em virtude das medidas de distanciamento social, ambas as vota\u00e7\u00f5es (aberta e presencial) ocorrer\u00e3o no mesmo hor\u00e1rio, de 18h \u00e0s 21h, por nove dias consecutivos. Confira, abaixo, o novo cronograma.<\/p>\n\n\n\n<ul class=\"wp-block-list\"><li>Inscri\u00e7\u00e3o (eleitores e candidatos) \u2013 26.05.2021 a 18.06.2021\u00a0<\/li><li>Habilita\u00e7\u00e3o dos candidatos \u2013 19.06.2021 a 21.06.2021\u00a0<\/li><li>Divulga\u00e7\u00e3o da lista de eleitores e candidatos \u2013\u00a0 22.06.2021\u00a0<\/li><li>Recursos \u2013 23.06.2021 a 25.06.2021\u00a0<\/li><li>Lista definitiva \u2013 28.06.2021\u00a0<\/li><li>Per\u00edodo de vota\u00e7\u00e3o \u2013 29.06.2021 a 09.07.2021\u00a0<\/li><li>Resultado das elei\u00e7\u00f5es do Di\u00e1rio Oficial de Macei\u00f3 e site \u2013 13.07.2021<\/li><\/ul>\n","protected":false},"excerpt":{"rendered":"<p>A Funda\u00e7\u00e3o Municipal de A\u00e7\u00e3o Cultural (FMAC) comunica a prorroga\u00e7\u00e3o do prazo de inscri\u00e7\u00e3o e cadastramento dos<\/p>\n","protected":false},"author":1,"featured_media":15067,"comment_status":"open","ping_status":"open","sticky":false,"template":"","format":"standard","meta":{"footnotes":""},"categories":[60],"tags":[],"class_list":["post-15066","post","type-post","status-publish","format-standard","has-post-thumbnail","hentry","category-capa"],"_links":{"self":[{"href":"https:\/\/4cantosalagoas.com.br\/portal\/wp-json\/wp\/v2\/posts\/15066","targetHints":{"allow":["GET"]}}],"collection":[{"href":"https:\/\/4cantosalagoas.com.br\/portal\/wp-json\/wp\/v2\/posts"}],"about":[{"href":"https:\/\/4cantosalagoas.com.br\/portal\/wp-json\/wp\/v2\/types\/post"}],"author":[{"embeddable":true,"href":"https:\/\/4cantosalagoas.com.br\/portal\/wp-json\/wp\/v2\/users\/1"}],"replies":[{"embeddable":true,"href":"https:\/\/4cantosalagoas.com.br\/portal\/wp-json\/wp\/v2\/comments?post=15066"}],"version-history":[{"count":1,"href":"https:\/\/4cantosalagoas.com.br\/portal\/wp-json\/wp\/v2\/posts\/15066\/revisions"}],"predecessor-version":[{"id":15068,"href":"https:\/\/4cantosalagoas.com.br\/portal\/wp-json\/wp\/v2\/posts\/15066\/revisions\/15068"}],"wp:featuredmedia":[{"embeddable":true,"href":"https:\/\/4cantosalagoas.com.br\/portal\/wp-json\/wp\/v2\/media\/15067"}],"wp:attachment":[{"href":"https:\/\/4cantosalagoas.com.br\/portal\/wp-json\/wp\/v2\/media?parent=15066"}],"wp:term":[{"taxonomy":"category","embeddable":true,"href":"https:\/\/4cantosalagoas.com.br\/portal\/wp-json\/wp\/v2\/categories?post=15066"},{"taxonomy":"post_tag","embeddable":true,"href":"https:\/\/4cantosalagoas.com.br\/portal\/wp-json\/wp\/v2\/tags?post=15066"}],"curies":[{"name":"wp","href":"https:\/\/api.w.org\/{rel}","templated":true}]}}