{"id":15058,"date":"2021-06-01T08:23:35","date_gmt":"2021-06-01T11:23:35","guid":{"rendered":"http:\/\/4cantosalagoas.com.br\/portal\/?p=15058"},"modified":"2021-06-01T08:23:39","modified_gmt":"2021-06-01T11:23:39","slug":"semarh-promove-semana-do-meio-ambiente-entre-os-dias-1-e-5-de-junho","status":"publish","type":"post","link":"https:\/\/4cantosalagoas.com.br\/portal\/semarh-promove-semana-do-meio-ambiente-entre-os-dias-1-e-5-de-junho\/","title":{"rendered":"Semarh promove Semana do Meio Ambiente entre os dias 1 e 5 de junho"},"content":{"rendered":"\n<figure class=\"wp-block-image\"><img fetchpriority=\"high\" decoding=\"async\" width=\"790\" height=\"785\" src=\"http:\/\/4cantosalagoas.com.br\/portal\/wp-content\/uploads\/2021\/06\/y.jpg\" alt=\"\" class=\"wp-image-15059\" srcset=\"https:\/\/4cantosalagoas.com.br\/portal\/wp-content\/uploads\/2021\/06\/y.jpg 790w, https:\/\/4cantosalagoas.com.br\/portal\/wp-content\/uploads\/2021\/06\/y-150x150.jpg 150w, https:\/\/4cantosalagoas.com.br\/portal\/wp-content\/uploads\/2021\/06\/y-300x298.jpg 300w, https:\/\/4cantosalagoas.com.br\/portal\/wp-content\/uploads\/2021\/06\/y-768x763.jpg 768w\" sizes=\"(max-width: 790px) 100vw, 790px\" \/><figcaption>Assessoria<\/figcaption><\/figure>\n\n\n\n<p>Mais um 5 de junho se aproxima, data em que se comemorara o Dia do Meio Ambiente ao redor do mundo. E nesta semana em celebra\u00e7\u00e3o e para enfatizar a import\u00e2ncia na preserva\u00e7\u00e3o ao meio ambiente, a Secretaria de Estado do Meio Ambiente e dos Recursos H\u00eddricos (Semarh) amplia sua pauta ambiental com uma programa\u00e7\u00e3o marcada por a\u00e7\u00f5es, eventos e atividades nos munic\u00edpios do interior e na capital alagoana.<\/p>\n\n\n\n<p>Para a edi\u00e7\u00e3o 2021 da Semana do Meio Ambiente, a Semarh projetou uma programa\u00e7\u00e3o com a\u00e7\u00f5es que envolvem a entrega de Pontos de Coleta Volunt\u00e1rios (Pev\u2019s), capacita\u00e7\u00e3o de Coleta Seletiva a serem implantadas nos munic\u00edpios e entrega de mudas para a popula\u00e7\u00e3o no Stand do evento no Parque Shopping Macei\u00f3.<\/p>\n\n\n\n<p>Para o Secret\u00e1rio da Pasta, Fernando Pereira o Governo do Estado tem priorizado as pol\u00edticas ambientais. \u201cEssas a\u00e7\u00f5es s\u00e3o importantes n\u00e3o s\u00f3 neste per\u00edodo, mas ao longo de todo ano, por isso trabalhando diariamente para que o Estado se desenvolva, priorizando a sustentabilidade dos munic\u00edpios, tornando Alagoas refer\u00eancia na quest\u00e3o ambiental\u201d, destacou Pereira.<\/p>\n\n\n\n<p><strong>Entrega de PEVS<\/strong><\/p>\n\n\n\n<p>Nesta ter\u00e7a-feira (1), a Semarh far\u00e1 entrega dos pontos no Sert\u00e3o, nos munic\u00edpios de Inhapi, Po\u00e7o das Trincheiras e S\u00e3o Jos\u00e9 da Tapera.<\/p>\n\n\n\n<p>Devido \u00e0 pandemia do Covid-19, outras a\u00e7\u00f5es ser\u00e3o promovidas durante todo o m\u00eas de junho de forma remota e nas redes sociais da Semarh, com a\u00e7\u00f5es que evidenciam a educa\u00e7\u00e3o ambiental e a conscientiza\u00e7\u00e3o.<\/p>\n\n\n\n<p><strong>Entrega de mudas no Parque Shopping<\/strong><\/p>\n\n\n\n<p>Durante todo o m\u00eas de junho, em comemora\u00e7\u00e3o ao Dia Mundial do Meio Ambiente, a Semarh far\u00e1 doa\u00e7\u00e3o de mudas no espa\u00e7o da Feira Org\u00e2nica que acontece no estacionamento do Parque Shopping, localizado no bairro de Cruz das Almas. A entrega ser\u00e1 feita entre \u00e0s 11h e 13h.<\/p>\n\n\n\n<p>Confira a programa\u00e7\u00e3o completa:<\/p>\n\n\n\n<p><strong>01\/06 \u2013 (Ter\u00e7a-feira)<\/strong><\/p>\n\n\n\n<p>Abertura Oficial da Semana do Meio Ambiente com Entrega dos Pontos de Entrega Volunt\u00e1rio (PEVs) com a Presen\u00e7a do Secret\u00e1rio Fernando Pereira<\/p>\n\n\n\n<p>10:00h \u2013 Entrega PEVs em Inhapi<\/p>\n\n\n\n<p>14:00h \u2013 Entrega PEVs em Po\u00e7o das Trincheiras<\/p>\n\n\n\n<p>15:30h \u2013 Entrega PEVs em S\u00e3o Jos\u00e9 da Tapera<\/p>\n\n\n\n<p>A\u00e7\u00e3o de Capacita\u00e7\u00e3o Para Implanta\u00e7\u00e3o de Coleta Seletiva nos Munic\u00edpios:<\/p>\n\n\n\n<p>09:00h \u201311:00h \u2013 Regi\u00e3o Norte-Munic\u00edpio de Japaratinga: Implanta\u00e7\u00e3o de Coleta Seletiva com os gestores das secretarias respons\u00e1veis<\/p>\n\n\n\n<p><strong>02\/06 \u2013 (Quarta-feira)<\/strong><\/p>\n\n\n\n<p>A\u00e7\u00e3o de Capacita\u00e7\u00e3o Para Implanta\u00e7\u00e3o de Coleta Seletiva nos Munic\u00edpios:<\/p>\n\n\n\n<p>09:00 \u201310:00h \u2013 Regi\u00e3o Bacia Leiteira \u2013 Munic\u00edpio de Santana do Ipanema:&nbsp; Implanta\u00e7\u00e3o de Coleta Seletiva com os gestores das secretarias respons\u00e1veis<\/p>\n\n\n\n<p><strong>03\/06 \u2013 (Quinta-feira)<\/strong><\/p>\n\n\n\n<p>09h \u2013 13h \u2013 Workshop \u201cEmpowering Traditional Communities in the Brazilian Coastal Zone to Adapt to the Climate Crisis\u201d<\/p>\n","protected":false},"excerpt":{"rendered":"<p>Mais um 5 de junho se aproxima, data em que se comemorara o Dia do Meio Ambiente<\/p>\n","protected":false},"author":1,"featured_media":15059,"comment_status":"open","ping_status":"open","sticky":false,"template":"","format":"standard","meta":{"footnotes":""},"categories":[60],"tags":[],"class_list":["post-15058","post","type-post","status-publish","format-standard","has-post-thumbnail","hentry","category-capa"],"_links":{"self":[{"href":"https:\/\/4cantosalagoas.com.br\/portal\/wp-json\/wp\/v2\/posts\/15058","targetHints":{"allow":["GET"]}}],"collection":[{"href":"https:\/\/4cantosalagoas.com.br\/portal\/wp-json\/wp\/v2\/posts"}],"about":[{"href":"https:\/\/4cantosalagoas.com.br\/portal\/wp-json\/wp\/v2\/types\/post"}],"author":[{"embeddable":true,"href":"https:\/\/4cantosalagoas.com.br\/portal\/wp-json\/wp\/v2\/users\/1"}],"replies":[{"embeddable":true,"href":"https:\/\/4cantosalagoas.com.br\/portal\/wp-json\/wp\/v2\/comments?post=15058"}],"version-history":[{"count":1,"href":"https:\/\/4cantosalagoas.com.br\/portal\/wp-json\/wp\/v2\/posts\/15058\/revisions"}],"predecessor-version":[{"id":15060,"href":"https:\/\/4cantosalagoas.com.br\/portal\/wp-json\/wp\/v2\/posts\/15058\/revisions\/15060"}],"wp:featuredmedia":[{"embeddable":true,"href":"https:\/\/4cantosalagoas.com.br\/portal\/wp-json\/wp\/v2\/media\/15059"}],"wp:attachment":[{"href":"https:\/\/4cantosalagoas.com.br\/portal\/wp-json\/wp\/v2\/media?parent=15058"}],"wp:term":[{"taxonomy":"category","embeddable":true,"href":"https:\/\/4cantosalagoas.com.br\/portal\/wp-json\/wp\/v2\/categories?post=15058"},{"taxonomy":"post_tag","embeddable":true,"href":"https:\/\/4cantosalagoas.com.br\/portal\/wp-json\/wp\/v2\/tags?post=15058"}],"curies":[{"name":"wp","href":"https:\/\/api.w.org\/{rel}","templated":true}]}}