{"id":15009,"date":"2021-05-26T09:05:48","date_gmt":"2021-05-26T12:05:48","guid":{"rendered":"http:\/\/4cantosalagoas.com.br\/portal\/?p=15009"},"modified":"2021-05-26T09:05:52","modified_gmt":"2021-05-26T12:05:52","slug":"prefeitura-de-maceio-convoca-293-aprovados-em-processo-seletivo-da-saude","status":"publish","type":"post","link":"https:\/\/4cantosalagoas.com.br\/portal\/prefeitura-de-maceio-convoca-293-aprovados-em-processo-seletivo-da-saude\/","title":{"rendered":"Prefeitura de Macei\u00f3 convoca 293 aprovados em Processo Seletivo da Sa\u00fade"},"content":{"rendered":"\n<figure class=\"wp-block-image\"><img fetchpriority=\"high\" decoding=\"async\" width=\"600\" height=\"450\" src=\"http:\/\/4cantosalagoas.com.br\/portal\/wp-content\/uploads\/2021\/05\/fachada-sms.jpg\" alt=\"\" class=\"wp-image-15010\" srcset=\"https:\/\/4cantosalagoas.com.br\/portal\/wp-content\/uploads\/2021\/05\/fachada-sms.jpg 600w, https:\/\/4cantosalagoas.com.br\/portal\/wp-content\/uploads\/2021\/05\/fachada-sms-300x225.jpg 300w\" sizes=\"(max-width: 600px) 100vw, 600px\" \/><figcaption> <br>Ascom \u2013 SMS <\/figcaption><\/figure>\n\n\n\n<p>A Prefeitura de Macei\u00f3 publicou, em edi\u00e7\u00e3o extraordin\u00e1ria do Di\u00e1rio Oficial do Munic\u00edpio (DOM) desta ter\u00e7a-feira (25), mais uma convoca\u00e7\u00e3o de 293 profissionais para atuar, de forma tempor\u00e1ria, na Secretaria Municipal de Sa\u00fade (SMS). O chamamento refor\u00e7a o quadro de servidores no combate \u00e0 pandemia do novo coronav\u00edrus.<\/p>\n\n\n\n<p>Foram convocados, nesta chamada, 96 enfermeiros e 69 t\u00e9cnicos de enfermagem para jornadas de 30 e 40 horas semanais. Al\u00e9m de 89 assistentes administrativos, 24 auxiliares de servi\u00e7os gerais e 15 t\u00e9cnicos de inform\u00e1tica.<\/p>\n\n\n\n<p>Para formalizar a contrata\u00e7\u00e3o tempor\u00e1ria, os profissionais dever\u00e3o se apresentar, com toda a documenta\u00e7\u00e3o solicitada (original e c\u00f3pia), \u00e0 sede da SMS, conforme data e hor\u00e1rio previstos para cada candidato no edital. O pr\u00e9dio fica na Rua Dias Cabral, 569 \u2013 Centro \/ Macei\u00f3-AL.<\/p>\n\n\n\n<p>\u201cEsses profissionais t\u00eam atuado de forma determinante na luta contra a Covid-19. Novas convoca\u00e7\u00f5es v\u00e3o aumentar, ainda mais, nossas chances de vencermos essa batalha\u201d, destacou C\u00e9lia Fernandes, titular da SMS.<\/p>\n\n\n\n<p><strong>Alerta<\/strong><\/p>\n\n\n\n<p>O n\u00e3o comparecimento no prazo estabelecido implicar\u00e1 na desist\u00eancia do candidato, podendo a SMS convocar os candidatos imediatamente posteriores, obedecendo \u00e0 ordem de classifica\u00e7\u00e3o.<\/p>\n\n\n\n<p>A lista dos convocados e documenta\u00e7\u00e3o exigida podem ser conferidos&nbsp;<a href=\"http:\/\/www.maceio.al.gov.br\/wp-content\/uploads\/2021\/05\/pdf\/2021\/05\/DOM-2021-05-25.pdf\" target=\"_blank\" rel=\"noreferrer noopener\">aqui<\/a>.<\/p>\n\n\n\n<p>Polyanna Monteiro \u2013 Ascom \u2013 SMS<\/p>\n","protected":false},"excerpt":{"rendered":"<p>A Prefeitura de Macei\u00f3 publicou, em edi\u00e7\u00e3o extraordin\u00e1ria do Di\u00e1rio Oficial do Munic\u00edpio (DOM) desta ter\u00e7a-feira (25),<\/p>\n","protected":false},"author":1,"featured_media":15010,"comment_status":"open","ping_status":"open","sticky":false,"template":"","format":"standard","meta":{"footnotes":""},"categories":[5],"tags":[],"class_list":["post-15009","post","type-post","status-publish","format-standard","has-post-thumbnail","hentry","category-maceio"],"_links":{"self":[{"href":"https:\/\/4cantosalagoas.com.br\/portal\/wp-json\/wp\/v2\/posts\/15009","targetHints":{"allow":["GET"]}}],"collection":[{"href":"https:\/\/4cantosalagoas.com.br\/portal\/wp-json\/wp\/v2\/posts"}],"about":[{"href":"https:\/\/4cantosalagoas.com.br\/portal\/wp-json\/wp\/v2\/types\/post"}],"author":[{"embeddable":true,"href":"https:\/\/4cantosalagoas.com.br\/portal\/wp-json\/wp\/v2\/users\/1"}],"replies":[{"embeddable":true,"href":"https:\/\/4cantosalagoas.com.br\/portal\/wp-json\/wp\/v2\/comments?post=15009"}],"version-history":[{"count":1,"href":"https:\/\/4cantosalagoas.com.br\/portal\/wp-json\/wp\/v2\/posts\/15009\/revisions"}],"predecessor-version":[{"id":15011,"href":"https:\/\/4cantosalagoas.com.br\/portal\/wp-json\/wp\/v2\/posts\/15009\/revisions\/15011"}],"wp:featuredmedia":[{"embeddable":true,"href":"https:\/\/4cantosalagoas.com.br\/portal\/wp-json\/wp\/v2\/media\/15010"}],"wp:attachment":[{"href":"https:\/\/4cantosalagoas.com.br\/portal\/wp-json\/wp\/v2\/media?parent=15009"}],"wp:term":[{"taxonomy":"category","embeddable":true,"href":"https:\/\/4cantosalagoas.com.br\/portal\/wp-json\/wp\/v2\/categories?post=15009"},{"taxonomy":"post_tag","embeddable":true,"href":"https:\/\/4cantosalagoas.com.br\/portal\/wp-json\/wp\/v2\/tags?post=15009"}],"curies":[{"name":"wp","href":"https:\/\/api.w.org\/{rel}","templated":true}]}}