{"id":15006,"date":"2021-05-26T09:01:22","date_gmt":"2021-05-26T12:01:22","guid":{"rendered":"http:\/\/4cantosalagoas.com.br\/portal\/?p=15006"},"modified":"2021-05-26T09:01:26","modified_gmt":"2021-05-26T12:01:26","slug":"prefeitura-e-ambulantes-discutem-ordenamento-do-centro-de-maceio","status":"publish","type":"post","link":"https:\/\/4cantosalagoas.com.br\/portal\/prefeitura-e-ambulantes-discutem-ordenamento-do-centro-de-maceio\/","title":{"rendered":"Prefeitura e ambulantes discutem ordenamento do Centro de Macei\u00f3"},"content":{"rendered":"\n<figure class=\"wp-block-image\"><img fetchpriority=\"high\" decoding=\"async\" width=\"1129\" height=\"607\" src=\"https:\/\/i2.wp.com\/4cantosalagoas.com.br\/portal\/wp-content\/uploads\/2021\/05\/20210525_164049.jpg?fit=1024%2C551\" alt=\"\" class=\"wp-image-15007\" srcset=\"https:\/\/4cantosalagoas.com.br\/portal\/wp-content\/uploads\/2021\/05\/20210525_164049.jpg 1129w, https:\/\/4cantosalagoas.com.br\/portal\/wp-content\/uploads\/2021\/05\/20210525_164049-300x161.jpg 300w, https:\/\/4cantosalagoas.com.br\/portal\/wp-content\/uploads\/2021\/05\/20210525_164049-768x413.jpg 768w, https:\/\/4cantosalagoas.com.br\/portal\/wp-content\/uploads\/2021\/05\/20210525_164049-1024x551.jpg 1024w\" sizes=\"(max-width: 1129px) 100vw, 1129px\" \/><figcaption> <br>Em reuni\u00e3o com ambulantes, secret\u00e1rio apresenta ordenamento do Centro (Foto: Patrick Fernando) <\/figcaption><\/figure>\n\n\n\n<p> A Prefeitura de Macei\u00f3 pretende ordenar o Centro da Capital para facilitar o fluxo de pessoas e padronizar o com\u00e9rcio informal. O assunto foi tema de uma reuni\u00e3o entre os ambulantes e a secretaria de Seguran\u00e7a Comunit\u00e1ria e Conv\u00edvio Social (Semscs). O encontro aconteceu nesta ter\u00e7a-feira (25), na Alian\u00e7a Comercial. <\/p>\n\n\n\n<p>O ordenamento ir\u00e1 desobstruir as vias p\u00fablicas e destinar \u00e1reas espec\u00edficas para os comerciantes. O objetivo da prefeitura \u00e9 facilitar o passeio p\u00fablico e estabelecer uma padroniza\u00e7\u00e3o do uso do solo, por parte do com\u00e9rcio informal.<\/p>\n\n\n\n<p>O secret\u00e1rio Thiago Prado, destaca que o Centro \u00e9 o local com a maior circula\u00e7\u00e3o de pessoas e de economia da cidade e \u00e9 preciso organiza\u00e7\u00e3o para que ele n\u00e3o perca essa caracter\u00edstica.<\/p>\n\n\n\n<p>\u201cPrecisamos preservar esse local, para n\u00e3o correr o risco de, no futuro, o com\u00e9rcio migrar e fragmentar-se para outras \u00e1reas da cidade\u201d, considerou o secret\u00e1rio.&nbsp;<\/p>\n\n\n\n<p>Luciano Alves comercializa rel\u00f3gio no Centro h\u00e1 35 anos. Ele sabe que sem ordenamento a cidade vira um caos. \u201cPrecisamos zelar pelo nosso patrim\u00f4nio. O Centro \u00e9 a nossa casa, \u00e9 a nossa identidade. \u00c9 daqui que tiramos o nosso sustento. Vamos colaborar com a prefeitura, pois se todo mundo trabalhar certo, todo mundo ganha\u201d, explicou o ambulante.<\/p>\n\n\n\n<figure class=\"wp-block-image\"><img decoding=\"async\" src=\"http:\/\/www.maceio.al.gov.br\/wp-content\/uploads\/2021\/05\/jpg\/2021\/05\/20210525_164835.jpg\" alt=\"\" class=\"wp-image-408369\"\/><figcaption>Com\u00e9rcio informal sem ordenamento. (Foto: arquivo Semscs)<\/figcaption><\/figure>\n\n\n\n<p>Aline Phyne trabalha na Pra\u00e7a Palmares. Ela relata que a situa\u00e7\u00e3o atual do Centro n\u00e3o agrada nem os clientes nem os ambulantes. \u201cEu agrade\u00e7o o empenho da prefeitura, pois sei da import\u00e2ncia de ter um lugar organizado para trabalhar. A padroniza\u00e7\u00e3o vai aumentar o nosso fluxo de venda, pois vai agradar os nossos clientes\u201d, reconhece a camel\u00f4.&nbsp;&nbsp;&nbsp;&nbsp;<\/p>\n\n\n\n<p>A secret\u00e1ria disponibilizou o disk den\u00fancia (3312-5277) para os pr\u00f3prios ambulantes relatarem as situa\u00e7\u00f5es de irregularidades.&nbsp;<\/p>\n\n\n\n<p>\u201cEstamos todos do mesmo lado. O ordenamento ser\u00e1 bom para todos. Por isso, precisamos que todos os ambulantes sejam multiplicadores desta ideia, para manter a sobreviv\u00eancia do nosso Centro\u201d, finalizou Thiago Prado.<\/p>\n","protected":false},"excerpt":{"rendered":"<p>A Prefeitura de Macei\u00f3 pretende ordenar o Centro da Capital para facilitar o fluxo de pessoas e<\/p>\n","protected":false},"author":1,"featured_media":15007,"comment_status":"open","ping_status":"open","sticky":false,"template":"","format":"standard","meta":{"footnotes":""},"categories":[5],"tags":[],"class_list":["post-15006","post","type-post","status-publish","format-standard","has-post-thumbnail","hentry","category-maceio"],"_links":{"self":[{"href":"https:\/\/4cantosalagoas.com.br\/portal\/wp-json\/wp\/v2\/posts\/15006","targetHints":{"allow":["GET"]}}],"collection":[{"href":"https:\/\/4cantosalagoas.com.br\/portal\/wp-json\/wp\/v2\/posts"}],"about":[{"href":"https:\/\/4cantosalagoas.com.br\/portal\/wp-json\/wp\/v2\/types\/post"}],"author":[{"embeddable":true,"href":"https:\/\/4cantosalagoas.com.br\/portal\/wp-json\/wp\/v2\/users\/1"}],"replies":[{"embeddable":true,"href":"https:\/\/4cantosalagoas.com.br\/portal\/wp-json\/wp\/v2\/comments?post=15006"}],"version-history":[{"count":1,"href":"https:\/\/4cantosalagoas.com.br\/portal\/wp-json\/wp\/v2\/posts\/15006\/revisions"}],"predecessor-version":[{"id":15008,"href":"https:\/\/4cantosalagoas.com.br\/portal\/wp-json\/wp\/v2\/posts\/15006\/revisions\/15008"}],"wp:featuredmedia":[{"embeddable":true,"href":"https:\/\/4cantosalagoas.com.br\/portal\/wp-json\/wp\/v2\/media\/15007"}],"wp:attachment":[{"href":"https:\/\/4cantosalagoas.com.br\/portal\/wp-json\/wp\/v2\/media?parent=15006"}],"wp:term":[{"taxonomy":"category","embeddable":true,"href":"https:\/\/4cantosalagoas.com.br\/portal\/wp-json\/wp\/v2\/categories?post=15006"},{"taxonomy":"post_tag","embeddable":true,"href":"https:\/\/4cantosalagoas.com.br\/portal\/wp-json\/wp\/v2\/tags?post=15006"}],"curies":[{"name":"wp","href":"https:\/\/api.w.org\/{rel}","templated":true}]}}