{"id":14943,"date":"2021-05-19T18:15:49","date_gmt":"2021-05-19T21:15:49","guid":{"rendered":"http:\/\/4cantosalagoas.com.br\/portal\/?p=14943"},"modified":"2021-05-19T18:15:53","modified_gmt":"2021-05-19T21:15:53","slug":"presidente-do-tjal-institui-comissoes-de-prevencao-e-combate-ao-assedio","status":"publish","type":"post","link":"https:\/\/4cantosalagoas.com.br\/portal\/presidente-do-tjal-institui-comissoes-de-prevencao-e-combate-ao-assedio\/","title":{"rendered":"Presidente do TJAL institui comiss\u00f5es de preven\u00e7\u00e3o e combate ao ass\u00e9dio"},"content":{"rendered":"\n<figure class=\"wp-block-image\"><img fetchpriority=\"high\" decoding=\"async\" width=\"600\" height=\"350\" src=\"http:\/\/4cantosalagoas.com.br\/portal\/wp-content\/uploads\/2019\/07\/tj-al.jpeg\" alt=\"\" class=\"wp-image-7905\" srcset=\"https:\/\/4cantosalagoas.com.br\/portal\/wp-content\/uploads\/2019\/07\/tj-al.jpeg 600w, https:\/\/4cantosalagoas.com.br\/portal\/wp-content\/uploads\/2019\/07\/tj-al-300x175.jpeg 300w\" sizes=\"(max-width: 600px) 100vw, 600px\" \/><figcaption>Caio Loureiro\/Dicom<\/figcaption><\/figure>\n\n\n\n<p> <\/p>\n\n\n\n<p> O presidente do Tribunal de Justi\u00e7a de Alagoas (TJAL), Klever Loureiro, instituiu as comiss\u00f5es que atuar\u00e3o na preven\u00e7\u00e3o e enfrentamento ao ass\u00e9dio e \u00e0 discrimina\u00e7\u00e3o no \u00e2mbito do Judici\u00e1rio estadual. A medida segue resolu\u00e7\u00e3o do Conselho Nacional de Justi\u00e7a (CNJ).<br><\/p>\n\n\n\n<p>No TJAL, a comiss\u00e3o ser\u00e1 formada pelos seguintes membros:<br><\/p>\n\n\n\n<p>&#8211; Manoel Cavalcante (juiz indicado pela Presid\u00eancia)- Ewerton Prot\u00e1zio (servidor indicado pela Presid\u00eancia)- Nigel Stewart (servidor indicado pelo presidente da Comiss\u00e3o de Acessibilidade e Inclus\u00e3o do TJAL)- S\u00f3stenes Alex (juiz indicado pela Associa\u00e7\u00e3o Alagoana de Magistrados)- Cleyson da Silva (servidor indicado pelo Sindicato dos Servidores do Judici\u00e1rio de Alagoas)- Williams de Andrade (servidor indicado pelo Sindicato dos Oficiais de Justi\u00e7a)- Andrea de Azevedo (servidora eleita em vota\u00e7\u00e3o direta)- Marisa Cordeiro (colaboradora terceirizada indicada pela Diretoria de Administra\u00e7\u00e3o)- Gabriel Costa (estagi\u00e1rio indicado pela Coordena\u00e7\u00e3o de Est\u00e1gios da Escola da Magistratura)- Suhed Acioli (representante da Ordem dos Advogados)- Carlos Tadeu Vilanova (representante do Minist\u00e9rio P\u00fablico)<br><\/p>\n\n\n\n<p>J\u00e1 a comiss\u00e3o que atuar\u00e1 no 1\u00ba Grau conta com os seguintes integrantes:<br>&#8211; Maysa Ces\u00e1rio Bezerra (ju\u00edza indicada pela Superintend\u00eancia do F\u00f3rum da Capital)- Maria C\u00edcera Santos Pinto (servidora indicada pela Superintend\u00eancia do F\u00f3rum da Capital)- Jos\u00e9 Aluciano Martins de Souza (servidor indicado pelo Serjal)- Larissa Augusta Santo Trindade (servidora indicada pelo Sindojus)- S\u00f3stenes Alex (juiz indicado pela Almagis)- Emanuela Porangaba (ju\u00edza eleita em vota\u00e7\u00e3o direta)\u00a0&#8211; Jennyfer Nascimento Silva (servidora eleita em vota\u00e7\u00e3o direta lotada na Capital)- Anderson Prot\u00e1zio (servidor eleito em vota\u00e7\u00e3o direta lotado no Interior)\u00a0&#8211; Maria de Lourdes da Silva (colaboradora terceirizada indicada pela Diretoria de Administra\u00e7\u00e3o)- Al\u00edcia Giordana de Souza Barbosa (estagi\u00e1ria indicada pela Esmal)- Paula Simony Lopes Ferreira (representante da OAB\/AL)- Carlos Tadeu Vilanova (representante do MP\/AL)<br><\/p>\n\n\n\n<p>O objetivo do TJAL \u00e9 desenvolver a\u00e7\u00f5es de preven\u00e7\u00e3o e combate a mecanismos, gest\u00e3o e atitudes que favore\u00e7am o ass\u00e9dio ou o desrespeito aos valores profissionais do servi\u00e7o p\u00fablico. A portaria que institui as comiss\u00f5es foi publicada no Di\u00e1rio da Justi\u00e7a Eletr\u00f4nico desta quarta-feira (19).<\/p>\n\n\n\n<p>(TJAL) <\/p>\n","protected":false},"excerpt":{"rendered":"<p>O presidente do Tribunal de Justi\u00e7a de Alagoas (TJAL), Klever Loureiro, instituiu as comiss\u00f5es que atuar\u00e3o na<\/p>\n","protected":false},"author":1,"featured_media":7905,"comment_status":"open","ping_status":"open","sticky":false,"template":"","format":"standard","meta":{"footnotes":""},"categories":[60],"tags":[],"class_list":["post-14943","post","type-post","status-publish","format-standard","has-post-thumbnail","hentry","category-capa"],"_links":{"self":[{"href":"https:\/\/4cantosalagoas.com.br\/portal\/wp-json\/wp\/v2\/posts\/14943","targetHints":{"allow":["GET"]}}],"collection":[{"href":"https:\/\/4cantosalagoas.com.br\/portal\/wp-json\/wp\/v2\/posts"}],"about":[{"href":"https:\/\/4cantosalagoas.com.br\/portal\/wp-json\/wp\/v2\/types\/post"}],"author":[{"embeddable":true,"href":"https:\/\/4cantosalagoas.com.br\/portal\/wp-json\/wp\/v2\/users\/1"}],"replies":[{"embeddable":true,"href":"https:\/\/4cantosalagoas.com.br\/portal\/wp-json\/wp\/v2\/comments?post=14943"}],"version-history":[{"count":1,"href":"https:\/\/4cantosalagoas.com.br\/portal\/wp-json\/wp\/v2\/posts\/14943\/revisions"}],"predecessor-version":[{"id":14944,"href":"https:\/\/4cantosalagoas.com.br\/portal\/wp-json\/wp\/v2\/posts\/14943\/revisions\/14944"}],"wp:featuredmedia":[{"embeddable":true,"href":"https:\/\/4cantosalagoas.com.br\/portal\/wp-json\/wp\/v2\/media\/7905"}],"wp:attachment":[{"href":"https:\/\/4cantosalagoas.com.br\/portal\/wp-json\/wp\/v2\/media?parent=14943"}],"wp:term":[{"taxonomy":"category","embeddable":true,"href":"https:\/\/4cantosalagoas.com.br\/portal\/wp-json\/wp\/v2\/categories?post=14943"},{"taxonomy":"post_tag","embeddable":true,"href":"https:\/\/4cantosalagoas.com.br\/portal\/wp-json\/wp\/v2\/tags?post=14943"}],"curies":[{"name":"wp","href":"https:\/\/api.w.org\/{rel}","templated":true}]}}