{"id":14937,"date":"2021-05-19T18:06:53","date_gmt":"2021-05-19T21:06:53","guid":{"rendered":"http:\/\/4cantosalagoas.com.br\/portal\/?p=14937"},"modified":"2021-05-19T18:06:57","modified_gmt":"2021-05-19T21:06:57","slug":"policia-civil-prende-mais-um-suspeito-de-estupro-contra-menor-em-maceio","status":"publish","type":"post","link":"https:\/\/4cantosalagoas.com.br\/portal\/policia-civil-prende-mais-um-suspeito-de-estupro-contra-menor-em-maceio\/","title":{"rendered":"Pol\u00edcia Civil prende mais um suspeito de estupro contra menor em Macei\u00f3"},"content":{"rendered":"\n<figure class=\"wp-block-image\"><img fetchpriority=\"high\" decoding=\"async\" width=\"724\" height=\"424\" src=\"http:\/\/4cantosalagoas.com.br\/portal\/wp-content\/uploads\/2020\/10\/PC_Cra\u00edbas.thumbnail.jpg\" alt=\"\" class=\"wp-image-12897\" srcset=\"https:\/\/4cantosalagoas.com.br\/portal\/wp-content\/uploads\/2020\/10\/PC_Cra\u00edbas.thumbnail.jpg 724w, https:\/\/4cantosalagoas.com.br\/portal\/wp-content\/uploads\/2020\/10\/PC_Cra\u00edbas.thumbnail-300x176.jpg 300w\" sizes=\"(max-width: 724px) 100vw, 724px\" \/><figcaption>Assessoria<\/figcaption><\/figure>\n\n\n\n<p>Policiais civis da Delegacia dos Crimes contra Crian\u00e7a e Adolescente da Capital (DCCCA), comandada pela delegada Adriana Gusm\u00e3o, prenderam, nessa ter\u00e7a-feira (18),&nbsp;um&nbsp;suspeito&nbsp;de cometer&nbsp;crime de estupro&nbsp;contra uma crian\u00e7a de apenas 13 anos de idade, em Macei\u00f3. Desde a semana passada, esta j\u00e1 \u00e9 a quinta pris\u00e3o feita pela Especializada&nbsp;por abuso sexual infantil.&nbsp;<\/p>\n\n\n\n<p>O jovem\u00a0tem 21 anos e j\u00e1 respondia por tr\u00e1fico de drogas. Ele foi preso\u00a0no bairro Bom Parto, na Capital, em\u00a0cumprimento a\u00a0mandado de pris\u00e3o.<br><br>&#8220;A v\u00edtima foi amea\u00e7ada de morte pelo autor do estupro. Foi mais uma das a\u00e7\u00f5es realizadas para prevenir e repreender o abuso e explora\u00e7\u00e3o sexual infantil neste dia 18 de maio&#8221;, revelou a delegada.<br><br>Adriana Gusm\u00e3o disse ainda que o crime foi praticado quando a crian\u00e7a\u00a0foi dormir um dia na casa da tia, para ajudar na retirada da \u00e1gua de uma forte chuva,\u00a0no m\u00eas de abril, e o irm\u00e3o da tia abusou da menor.<\/p>\n\n\n\n<p>Assessoria<\/p>\n","protected":false},"excerpt":{"rendered":"<p>Policiais civis da Delegacia dos Crimes contra Crian\u00e7a e Adolescente da Capital (DCCCA), comandada pela delegada Adriana<\/p>\n","protected":false},"author":1,"featured_media":12897,"comment_status":"open","ping_status":"open","sticky":false,"template":"","format":"standard","meta":{"footnotes":""},"categories":[60],"tags":[],"class_list":["post-14937","post","type-post","status-publish","format-standard","has-post-thumbnail","hentry","category-capa"],"_links":{"self":[{"href":"https:\/\/4cantosalagoas.com.br\/portal\/wp-json\/wp\/v2\/posts\/14937","targetHints":{"allow":["GET"]}}],"collection":[{"href":"https:\/\/4cantosalagoas.com.br\/portal\/wp-json\/wp\/v2\/posts"}],"about":[{"href":"https:\/\/4cantosalagoas.com.br\/portal\/wp-json\/wp\/v2\/types\/post"}],"author":[{"embeddable":true,"href":"https:\/\/4cantosalagoas.com.br\/portal\/wp-json\/wp\/v2\/users\/1"}],"replies":[{"embeddable":true,"href":"https:\/\/4cantosalagoas.com.br\/portal\/wp-json\/wp\/v2\/comments?post=14937"}],"version-history":[{"count":1,"href":"https:\/\/4cantosalagoas.com.br\/portal\/wp-json\/wp\/v2\/posts\/14937\/revisions"}],"predecessor-version":[{"id":14938,"href":"https:\/\/4cantosalagoas.com.br\/portal\/wp-json\/wp\/v2\/posts\/14937\/revisions\/14938"}],"wp:featuredmedia":[{"embeddable":true,"href":"https:\/\/4cantosalagoas.com.br\/portal\/wp-json\/wp\/v2\/media\/12897"}],"wp:attachment":[{"href":"https:\/\/4cantosalagoas.com.br\/portal\/wp-json\/wp\/v2\/media?parent=14937"}],"wp:term":[{"taxonomy":"category","embeddable":true,"href":"https:\/\/4cantosalagoas.com.br\/portal\/wp-json\/wp\/v2\/categories?post=14937"},{"taxonomy":"post_tag","embeddable":true,"href":"https:\/\/4cantosalagoas.com.br\/portal\/wp-json\/wp\/v2\/tags?post=14937"}],"curies":[{"name":"wp","href":"https:\/\/api.w.org\/{rel}","templated":true}]}}