{"id":14926,"date":"2021-05-18T17:43:15","date_gmt":"2021-05-18T20:43:15","guid":{"rendered":"http:\/\/4cantosalagoas.com.br\/portal\/?p=14926"},"modified":"2021-05-18T17:43:19","modified_gmt":"2021-05-18T20:43:19","slug":"maceio-tera-plano-diretor-de-tecnologia-e-informatica","status":"publish","type":"post","link":"https:\/\/4cantosalagoas.com.br\/portal\/maceio-tera-plano-diretor-de-tecnologia-e-informatica\/","title":{"rendered":"Macei\u00f3 ter\u00e1 Plano Diretor de Tecnologia e Inform\u00e1tica"},"content":{"rendered":"\n<figure class=\"wp-block-image\"><img fetchpriority=\"high\" decoding=\"async\" width=\"1536\" height=\"1024\" src=\"https:\/\/i0.wp.com\/4cantosalagoas.com.br\/portal\/wp-content\/uploads\/2021\/05\/1536-1024-54.jpg?fit=1024%2C683\" alt=\"\" class=\"wp-image-14927\" srcset=\"https:\/\/4cantosalagoas.com.br\/portal\/wp-content\/uploads\/2021\/05\/1536-1024-54.jpg 1536w, https:\/\/4cantosalagoas.com.br\/portal\/wp-content\/uploads\/2021\/05\/1536-1024-54-300x200.jpg 300w, https:\/\/4cantosalagoas.com.br\/portal\/wp-content\/uploads\/2021\/05\/1536-1024-54-768x512.jpg 768w, https:\/\/4cantosalagoas.com.br\/portal\/wp-content\/uploads\/2021\/05\/1536-1024-54-1024x683.jpg 1024w\" sizes=\"(max-width: 1536px) 100vw, 1536px\" \/><figcaption> <br>Foto: Edvan Ferreira <\/figcaption><\/figure>\n\n\n\n<p> O prefeito de Macei\u00f3, JHC, comandou, nesta ter\u00e7a-feira (18), reuni\u00e3o para a implanta\u00e7\u00e3o do Plano Diretor de Tecnologia e Inform\u00e1tica (PDTI) pela Prefeitura de Macei\u00f3. O encontro contou com a participa\u00e7\u00e3o do presidente da Assespro (Associa\u00e7\u00f5es das Empresas Brasileiras de Tecnologia da Informa\u00e7\u00e3o) nacional, \u00cdtalo Nogueira. <\/p>\n\n\n\n<p>O prefeito destacou a import\u00e2ncia do plano, ao dizer que ser\u00e1 um avan\u00e7o para a gest\u00e3o. \u201cA gente tem que ser refer\u00eancia nacional, um exemplo, estar em uma posi\u00e7\u00e3o de vanguarda\u201d, disse o prefeito JHC, autor, enquanto deputado federal, do marco legal das startups (Projeto de Lei Complementar 146\/19), que pretende incentivar as empresas de inova\u00e7\u00e3o no pa\u00eds.<\/p>\n\n\n\n<p>\u00c0 \u00e9poca, lembrou JHC, foi ele uma das primeiras pessoas a tocarem no assunto no Congresso Nacional. \u201cQuando muitos achavam que era balela, quando n\u00e3o se tinha sequer uma frente parlamentar, uma discuss\u00e3o, a visibilidade que hoje se tem, uma estrutura\u00e7\u00e3o nem de legisla\u00e7\u00e3o\u201d, ressaltou.<\/p>\n\n\n\n<figure class=\"wp-block-image\"><img decoding=\"async\" src=\"http:\/\/www.maceio.al.gov.br\/wp-content\/uploads\/2021\/05\/jpg\/2021\/05\/1536-1024-1-8-1024x683.jpg\" alt=\"\" class=\"wp-image-407297\"\/><figcaption>Foto: Edvan Ferreira<\/figcaption><\/figure>\n\n\n\n<p>O presidente da Assespro, \u00cdtalo Nogueira, destacou que esse \u00e9 o momento para p\u00f4r em pr\u00e1tica o PDTI. \u201cComo presidente de uma associa\u00e7\u00e3o t\u00e3o importante de tecnologia da informa\u00e7\u00e3o nacional, a gente tem conversado com muitos gestores p\u00fablicos que esse \u00e9 o momento. A pandemia tem levado muitas vidas, a gente tem ficado muito triste com esse impacto, mas tamb\u00e9m teve essa antecipa\u00e7\u00e3o da transforma\u00e7\u00e3o digital, que \u00e9 uma necessidade das empresas e dos governos\u201d, ele disse.<\/p>\n\n\n\n<figure class=\"wp-block-image\"><img decoding=\"async\" src=\"http:\/\/www.maceio.al.gov.br\/wp-content\/uploads\/2021\/05\/jpg\/2021\/05\/1536-1024-3-8-1024x683.jpg\" alt=\"\" class=\"wp-image-407294\"\/><figcaption>Presidente da Assespro, \u00cdtalo Nogueira. Foto: Edvan Ferreira<\/figcaption><\/figure>\n\n\n\n<p>Com o in\u00edcio da gest\u00e3o do prefeito JHC, disse ainda \u00cdtalo Nogueira, \u201cMacei\u00f3, d\u00e1 uma sinaliza\u00e7\u00e3o muito positiva para o investimento em tecnologia da informa\u00e7\u00e3o e comunica\u00e7\u00e3o. A gente fica muito feliz quando enxerga esse tipo de iniciativa por parte da gest\u00e3o p\u00fablica e apoiar\u00e1 sempre para que possam desenvolver os planos e a execu\u00e7\u00e3o da melhor maneira poss\u00edvel\u201d, declarou.<\/p>\n\n\n\n<p>Os secret\u00e1rios de Governan\u00e7a, Antonio Carvalho, e de Gest\u00e3o, Rayane Ten\u00f3rio, explicaram os objetivos do PDTI.<\/p>\n\n\n\n<p>\u201cDesde quando a gente come\u00e7ou a transi\u00e7\u00e3o, percebeu que a parte de tecnologia era deixada de lado. A gest\u00e3o era bastante anal\u00f3gica, os sistemas n\u00e3o se conversavam. Quando existiam os sistemas para resolver os problemas, a gente percebia que era preciso um norte, uma dire\u00e7\u00e3o, para que todo esse arcabou\u00e7o de tecnologia pudesse favorecer um ambiente de governo digital\u201d, disse Antonio Carvalho.<\/p>\n\n\n\n<figure class=\"wp-block-image\"><img decoding=\"async\" src=\"http:\/\/www.maceio.al.gov.br\/wp-content\/uploads\/2021\/05\/jpg\/2021\/05\/1536-1024-4-7-1024x683.jpg\" alt=\"\" class=\"wp-image-407295\"\/><figcaption>Secret\u00e1rios Antonio Carvalho (Governan\u00e7a) e Jo\u00e3o Felipe (Economia). Foto: Edvan Ferreira<\/figcaption><\/figure>\n\n\n\n<p>Carvalho lembrou que n\u00e3o h\u00e1 como falar de transforma\u00e7\u00e3o digital sem que se fale das bases para que isso aconte\u00e7a: que s\u00e3o as pessoas, os processos e o recurso de tecnologia. \u201cA gente percebia que estava tudo muito desintegrado, desarticulado e isso fazia com que a gente ainda tivesse na segunda d\u00e9cada dos anos 2000, mas s\u00f3 que com a cara dos anos 90. Com tudo funcionando em papel, com as secretarias sem conversar. A gente percebia um abandono dessa quest\u00e3o da tecnologia. Nossa tecnologia \u00e9 toda antiquada\u201d, informou.<\/p>\n\n\n\n<p>A secret\u00e1ria Rayane Ten\u00f3rio disse que os problemas existem nos tr\u00eas pilares: estrutura, servi\u00e7o e sistema. \u201cA gente chegou aqui e pegou realmente um caos. N\u00e3o havia essa comunica\u00e7\u00e3o entre as pastas. Estamos trabalhando para alinhar tecnologia ao servi\u00e7o p\u00fablico\u201d, ressaltou.<\/p>\n\n\n\n<figure class=\"wp-block-image\"><img decoding=\"async\" src=\"http:\/\/www.maceio.al.gov.br\/wp-content\/uploads\/2021\/05\/jpg\/2021\/05\/1536-1024-5-8-1024x683.jpg\" alt=\"\" class=\"wp-image-407296\"\/><figcaption>Secret\u00e1ria de Gest\u00e3o, Rayane Ten\u00f3rio. Foto: Edvan Ferreira<\/figcaption><\/figure>\n","protected":false},"excerpt":{"rendered":"<p>O prefeito de Macei\u00f3, JHC, comandou, nesta ter\u00e7a-feira (18), reuni\u00e3o para a implanta\u00e7\u00e3o do Plano Diretor de<\/p>\n","protected":false},"author":1,"featured_media":14927,"comment_status":"open","ping_status":"open","sticky":false,"template":"","format":"standard","meta":{"footnotes":""},"categories":[5],"tags":[],"class_list":["post-14926","post","type-post","status-publish","format-standard","has-post-thumbnail","hentry","category-maceio"],"_links":{"self":[{"href":"https:\/\/4cantosalagoas.com.br\/portal\/wp-json\/wp\/v2\/posts\/14926","targetHints":{"allow":["GET"]}}],"collection":[{"href":"https:\/\/4cantosalagoas.com.br\/portal\/wp-json\/wp\/v2\/posts"}],"about":[{"href":"https:\/\/4cantosalagoas.com.br\/portal\/wp-json\/wp\/v2\/types\/post"}],"author":[{"embeddable":true,"href":"https:\/\/4cantosalagoas.com.br\/portal\/wp-json\/wp\/v2\/users\/1"}],"replies":[{"embeddable":true,"href":"https:\/\/4cantosalagoas.com.br\/portal\/wp-json\/wp\/v2\/comments?post=14926"}],"version-history":[{"count":1,"href":"https:\/\/4cantosalagoas.com.br\/portal\/wp-json\/wp\/v2\/posts\/14926\/revisions"}],"predecessor-version":[{"id":14928,"href":"https:\/\/4cantosalagoas.com.br\/portal\/wp-json\/wp\/v2\/posts\/14926\/revisions\/14928"}],"wp:featuredmedia":[{"embeddable":true,"href":"https:\/\/4cantosalagoas.com.br\/portal\/wp-json\/wp\/v2\/media\/14927"}],"wp:attachment":[{"href":"https:\/\/4cantosalagoas.com.br\/portal\/wp-json\/wp\/v2\/media?parent=14926"}],"wp:term":[{"taxonomy":"category","embeddable":true,"href":"https:\/\/4cantosalagoas.com.br\/portal\/wp-json\/wp\/v2\/categories?post=14926"},{"taxonomy":"post_tag","embeddable":true,"href":"https:\/\/4cantosalagoas.com.br\/portal\/wp-json\/wp\/v2\/tags?post=14926"}],"curies":[{"name":"wp","href":"https:\/\/api.w.org\/{rel}","templated":true}]}}