{"id":14923,"date":"2021-05-18T08:52:02","date_gmt":"2021-05-18T11:52:02","guid":{"rendered":"http:\/\/4cantosalagoas.com.br\/portal\/?p=14923"},"modified":"2021-05-18T08:52:06","modified_gmt":"2021-05-18T11:52:06","slug":"governo-de-alagoas-lanca-edital-para-concurso-da-policia-militar-com-1-060-vagas","status":"publish","type":"post","link":"https:\/\/4cantosalagoas.com.br\/portal\/governo-de-alagoas-lanca-edital-para-concurso-da-policia-militar-com-1-060-vagas\/","title":{"rendered":"Governo de Alagoas lan\u00e7a edital para concurso da Pol\u00edcia Militar com 1.060 vagas"},"content":{"rendered":"\n<figure class=\"wp-block-image\"><img fetchpriority=\"high\" decoding=\"async\" width=\"600\" height=\"400\" src=\"http:\/\/4cantosalagoas.com.br\/portal\/wp-content\/uploads\/2021\/05\/20181bad671373779a29ac2f2a23f56d_L.jpg\" alt=\"\" class=\"wp-image-14924\" srcset=\"https:\/\/4cantosalagoas.com.br\/portal\/wp-content\/uploads\/2021\/05\/20181bad671373779a29ac2f2a23f56d_L.jpg 600w, https:\/\/4cantosalagoas.com.br\/portal\/wp-content\/uploads\/2021\/05\/20181bad671373779a29ac2f2a23f56d_L-300x200.jpg 300w\" sizes=\"(max-width: 600px) 100vw, 600px\" \/><figcaption> <br>Processo seletivo ser\u00e1 regido pelo Centro Brasileiro de Pesquisa em Avalia\u00e7\u00e3o e Sele\u00e7\u00e3o e de Promo\u00e7\u00e3o de Eventos (Cebraspe) Foto\/<em>M\u00e1rcio Ferreira<\/em> <\/figcaption><\/figure>\n\n\n\n<p>O ciclo de concursos e oportunidades de Alagoas segue sendo entregue, como anunciado, para a popula\u00e7\u00e3o. Nesta segunda-feira (17), o Governo do Estado, por meio da Secretaria do Planejamento, Gest\u00e3o e Patrim\u00f4nio (Seplag), divulgou um dos editais mais esperados pelos alagoanos. O documento, publicado no Di\u00e1rio Oficial do Estado (DOE), se refere ao concurso da Pol\u00edcia Militar, que prev\u00ea 1.060 vagas para ingresso efetivo na corpora\u00e7\u00e3o. O candidato poder\u00e1 conferir o edital na \u00edntegra no site da Seplag&nbsp;<a href=\"http:\/\/www.seplag.al.gov.br\/concursos-editais\" target=\"_blank\" rel=\"noreferrer noopener\">clicando aqui<\/a>.<\/p>\n\n\n\n<p>De acordo com o edital, est\u00e3o sendo ofertadas 1.000 vagas para soldado combatente e 60 para oficial. Os sal\u00e1rios, ap\u00f3s o Curso de Forma\u00e7\u00e3o de Pra\u00e7as e de Oficiais, s\u00e3o em torno de R$ 4.250,06 para soldado e R$ 8.099,94 para oficial. Al\u00e9m disso, conforme j\u00e1 definido anteriormente, o processo seletivo ser\u00e1 regido pelo Centro Brasileiro de Pesquisa em Avalia\u00e7\u00e3o e Sele\u00e7\u00e3o e de Promo\u00e7\u00e3o de Eventos (Cebraspe), com aux\u00edlio da Seplag e da PM\/AL.<\/p>\n\n\n\n<p>&#8220;Todo o processo de realiza\u00e7\u00e3o do ciclo de concursos tem se baseado, sobretudo, na transpar\u00eancia. O Governo de Alagoas, hoje, se sobressai em realizar diversos certames mesmo em um ano dif\u00edcil. Sem d\u00favidas, esse \u00e9 um grande passo e investimento para melhorar a gest\u00e3o p\u00fablica local e, consequentemente, a vida dos alagoanos. O certame da PM, em especial, \u00e9 uma oportunidade de entregarmos \u00e0 sociedade um time cheio de g\u00e1s para fortalecer a seguran\u00e7a p\u00fablica e desenvolver ainda mais projetos nessa \u00e1rea&#8221;, explica o secret\u00e1rio titular da Seplag, Fabr\u00edcio Marques Santos.<\/p>\n\n\n\n<p><strong>Inscri\u00e7\u00f5es<\/strong><\/p>\n\n\n\n<p>Os candidatos que desejarem participar da seletiva devem se atentar ao per\u00edodo de inscri\u00e7\u00f5es, que come\u00e7a a partir das 10h do pr\u00f3ximo dia 24 de maio e prossegue at\u00e9 \u00e0s 18h do dia 28 de junho de 2021, seguindo o hor\u00e1rio de Bras\u00edlia. O procedimento dever\u00e1 ser feito somente via internet atrav\u00e9s do site do Cebraspe. Conforme divulgado, a taxa de inscri\u00e7\u00e3o \u00e9 de R$ 95,00.<\/p>\n\n\n\n<p><strong>Provas<\/strong><\/p>\n\n\n\n<p>As provas, segundo o edital, ocorrer\u00e3o em turnos diferentes. Para o cargo de aspirante a oficial, ser\u00e3o aplicadas, pelo turno da manh\u00e3, provas objetivas e subjetivas, com dura\u00e7\u00e3o de 4h e 30 minutos. Para soldado, acontecer\u00e3o no turno da tarde, com dura\u00e7\u00e3o de 3h e 30 minutos, sendo aplicada apenas prova objetiva. Essa medida foi adotada pelo Governo para garantir mais oportunidades a quem vai concorrer nos dois cargos.<\/p>\n\n\n\n<p>Assessoria<\/p>\n","protected":false},"excerpt":{"rendered":"<p>O ciclo de concursos e oportunidades de Alagoas segue sendo entregue, como anunciado, para a popula\u00e7\u00e3o. Nesta<\/p>\n","protected":false},"author":1,"featured_media":14924,"comment_status":"open","ping_status":"open","sticky":false,"template":"","format":"standard","meta":{"footnotes":""},"categories":[60],"tags":[],"class_list":["post-14923","post","type-post","status-publish","format-standard","has-post-thumbnail","hentry","category-capa"],"_links":{"self":[{"href":"https:\/\/4cantosalagoas.com.br\/portal\/wp-json\/wp\/v2\/posts\/14923","targetHints":{"allow":["GET"]}}],"collection":[{"href":"https:\/\/4cantosalagoas.com.br\/portal\/wp-json\/wp\/v2\/posts"}],"about":[{"href":"https:\/\/4cantosalagoas.com.br\/portal\/wp-json\/wp\/v2\/types\/post"}],"author":[{"embeddable":true,"href":"https:\/\/4cantosalagoas.com.br\/portal\/wp-json\/wp\/v2\/users\/1"}],"replies":[{"embeddable":true,"href":"https:\/\/4cantosalagoas.com.br\/portal\/wp-json\/wp\/v2\/comments?post=14923"}],"version-history":[{"count":1,"href":"https:\/\/4cantosalagoas.com.br\/portal\/wp-json\/wp\/v2\/posts\/14923\/revisions"}],"predecessor-version":[{"id":14925,"href":"https:\/\/4cantosalagoas.com.br\/portal\/wp-json\/wp\/v2\/posts\/14923\/revisions\/14925"}],"wp:featuredmedia":[{"embeddable":true,"href":"https:\/\/4cantosalagoas.com.br\/portal\/wp-json\/wp\/v2\/media\/14924"}],"wp:attachment":[{"href":"https:\/\/4cantosalagoas.com.br\/portal\/wp-json\/wp\/v2\/media?parent=14923"}],"wp:term":[{"taxonomy":"category","embeddable":true,"href":"https:\/\/4cantosalagoas.com.br\/portal\/wp-json\/wp\/v2\/categories?post=14923"},{"taxonomy":"post_tag","embeddable":true,"href":"https:\/\/4cantosalagoas.com.br\/portal\/wp-json\/wp\/v2\/tags?post=14923"}],"curies":[{"name":"wp","href":"https:\/\/api.w.org\/{rel}","templated":true}]}}