{"id":14920,"date":"2021-05-18T08:40:56","date_gmt":"2021-05-18T11:40:56","guid":{"rendered":"http:\/\/4cantosalagoas.com.br\/portal\/?p=14920"},"modified":"2021-05-18T08:41:00","modified_gmt":"2021-05-18T11:41:00","slug":"procon-alerta-sobre-queima-de-aparelhos-eletronicos-por-quedas-de-energia","status":"publish","type":"post","link":"https:\/\/4cantosalagoas.com.br\/portal\/procon-alerta-sobre-queima-de-aparelhos-eletronicos-por-quedas-de-energia\/","title":{"rendered":"Procon alerta sobre queima de aparelhos eletr\u00f4nicos por quedas de energia"},"content":{"rendered":"\n<figure class=\"wp-block-image\"><img fetchpriority=\"high\" decoding=\"async\" width=\"1152\" height=\"1536\" src=\"https:\/\/i2.wp.com\/4cantosalagoas.com.br\/portal\/wp-content\/uploads\/2021\/05\/Diretor-executivo-do-Procon-Maceio-Leandro-Almeida-1-1152x1536.jpeg?fit=768%2C1024\" alt=\"\" class=\"wp-image-14921\" srcset=\"https:\/\/4cantosalagoas.com.br\/portal\/wp-content\/uploads\/2021\/05\/Diretor-executivo-do-Procon-Maceio-Leandro-Almeida-1-1152x1536.jpeg 1152w, https:\/\/4cantosalagoas.com.br\/portal\/wp-content\/uploads\/2021\/05\/Diretor-executivo-do-Procon-Maceio-Leandro-Almeida-1-1152x1536-225x300.jpeg 225w, https:\/\/4cantosalagoas.com.br\/portal\/wp-content\/uploads\/2021\/05\/Diretor-executivo-do-Procon-Maceio-Leandro-Almeida-1-1152x1536-768x1024.jpeg 768w\" sizes=\"(max-width: 1152px) 100vw, 1152px\" \/><figcaption> <br>Leandro Almeida orienta que popula\u00e7\u00e3o deve buscar ressarcimento com distribuidora de energia. Foto: Procon Macei\u00f3 <\/figcaption><\/figure>\n\n\n\n<p>O Procon Macei\u00f3, \u00f3rg\u00e3o municipal de defesa do consumidor, alerta aos maceioenses sobre alguns dos direitos em rela\u00e7\u00e3o ao ressarcimento no caso de queima de aparelhos eletr\u00f4nicos por quedas ou sobrecarga de energia. De acordo com o diretor executivo do Procon Macei\u00f3, Leandro Almeida, \u00e9 aconselh\u00e1vel que os consumidores solicitem a restitui\u00e7\u00e3o da distribuidora de energia.<\/p>\n\n\n\n<p>\u201cO primeiro passo \u00e9 abrir um protocolo de reclama\u00e7\u00e3o relatando o ocorrido. Aqueles que tiveram queima de aparelhos em virtude da falta ou sobrecarga de energia, precisam comunicar a empresa. O prazo para realizar a vistoria \u00e9 de dez dias em aparelhos normais e 24 horas em produtos essenciais, como uma geladeira, por exemplo\u201d, frisa.<\/p>\n\n\n\n<p>Leandro tamb\u00e9m ressalta sobre a import\u00e2ncia da nota fiscal dos produtos. \u201cNa impossibilidade de conserto, o consumidor deve ter a nota fiscal para poder ser indenizado ou ressarcido. Vale lembrar que o prazo \u00e9 de at\u00e9 90 dias ap\u00f3s a ocorr\u00eancia para fazer a solicita\u00e7\u00e3o\u201d, afirma.<\/p>\n\n\n\n<p>Em qualquer situa\u00e7\u00e3o, caso n\u00e3o seja resolvida, o consumidor pode acionar o Procon Macei\u00f3 para realizar atendimentos, den\u00fancias, reclama\u00e7\u00f5es ou solicita\u00e7\u00f5es pelos telefones 0800 082 4567, (82) 99435-4950 ou no WhatsApp (82) 98882-8326.<\/p>\n\n\n\n<p>J\u00e1 na unidade do atual Centro Universit\u00e1rio Mario Pontes Juc\u00e1 (UMJ), no Barro Duro, o consumidor pode fazer reclama\u00e7\u00f5es de forma presencial, de segunda a sexta-feira, das 8h \u00e0s 13h.<\/p>\n\n\n\n<p>Karyne Gomes\/Procon Macei\u00f3<\/p>\n","protected":false},"excerpt":{"rendered":"<p>O Procon Macei\u00f3, \u00f3rg\u00e3o municipal de defesa do consumidor, alerta aos maceioenses sobre alguns dos direitos em<\/p>\n","protected":false},"author":1,"featured_media":14921,"comment_status":"open","ping_status":"open","sticky":false,"template":"","format":"standard","meta":{"footnotes":""},"categories":[60],"tags":[],"class_list":["post-14920","post","type-post","status-publish","format-standard","has-post-thumbnail","hentry","category-capa"],"_links":{"self":[{"href":"https:\/\/4cantosalagoas.com.br\/portal\/wp-json\/wp\/v2\/posts\/14920","targetHints":{"allow":["GET"]}}],"collection":[{"href":"https:\/\/4cantosalagoas.com.br\/portal\/wp-json\/wp\/v2\/posts"}],"about":[{"href":"https:\/\/4cantosalagoas.com.br\/portal\/wp-json\/wp\/v2\/types\/post"}],"author":[{"embeddable":true,"href":"https:\/\/4cantosalagoas.com.br\/portal\/wp-json\/wp\/v2\/users\/1"}],"replies":[{"embeddable":true,"href":"https:\/\/4cantosalagoas.com.br\/portal\/wp-json\/wp\/v2\/comments?post=14920"}],"version-history":[{"count":1,"href":"https:\/\/4cantosalagoas.com.br\/portal\/wp-json\/wp\/v2\/posts\/14920\/revisions"}],"predecessor-version":[{"id":14922,"href":"https:\/\/4cantosalagoas.com.br\/portal\/wp-json\/wp\/v2\/posts\/14920\/revisions\/14922"}],"wp:featuredmedia":[{"embeddable":true,"href":"https:\/\/4cantosalagoas.com.br\/portal\/wp-json\/wp\/v2\/media\/14921"}],"wp:attachment":[{"href":"https:\/\/4cantosalagoas.com.br\/portal\/wp-json\/wp\/v2\/media?parent=14920"}],"wp:term":[{"taxonomy":"category","embeddable":true,"href":"https:\/\/4cantosalagoas.com.br\/portal\/wp-json\/wp\/v2\/categories?post=14920"},{"taxonomy":"post_tag","embeddable":true,"href":"https:\/\/4cantosalagoas.com.br\/portal\/wp-json\/wp\/v2\/tags?post=14920"}],"curies":[{"name":"wp","href":"https:\/\/api.w.org\/{rel}","templated":true}]}}