{"id":14916,"date":"2021-05-17T08:25:30","date_gmt":"2021-05-17T11:25:30","guid":{"rendered":"http:\/\/4cantosalagoas.com.br\/portal\/?p=14916"},"modified":"2021-05-17T08:25:33","modified_gmt":"2021-05-17T11:25:33","slug":"maceio-comeca-a-vacinar-novo-grupo-nesta-segunda-confira-documentacao","status":"publish","type":"post","link":"https:\/\/4cantosalagoas.com.br\/portal\/maceio-comeca-a-vacinar-novo-grupo-nesta-segunda-confira-documentacao\/","title":{"rendered":"Macei\u00f3 come\u00e7a a vacinar novo grupo nesta segunda; confira documenta\u00e7\u00e3o"},"content":{"rendered":"\n<figure class=\"wp-block-image\"><img fetchpriority=\"high\" decoding=\"async\" width=\"683\" height=\"1024\" src=\"http:\/\/4cantosalagoas.com.br\/portal\/wp-content\/uploads\/2021\/05\/Vacinacao_Dimingo-12-768x1152-683x1024.jpg\" alt=\"\" class=\"wp-image-14849\" srcset=\"https:\/\/4cantosalagoas.com.br\/portal\/wp-content\/uploads\/2021\/05\/Vacinacao_Dimingo-12-768x1152-683x1024.jpg 683w, https:\/\/4cantosalagoas.com.br\/portal\/wp-content\/uploads\/2021\/05\/Vacinacao_Dimingo-12-768x1152-200x300.jpg 200w, https:\/\/4cantosalagoas.com.br\/portal\/wp-content\/uploads\/2021\/05\/Vacinacao_Dimingo-12-768x1152.jpg 768w\" sizes=\"(max-width: 683px) 100vw, 683px\" \/><figcaption>Foto: Itawi Albuquerque\/Secom<\/figcaption><\/figure>\n\n\n\n<p>Macei\u00f3 segue avan\u00e7ando na vacina\u00e7\u00e3o contra a covid-19 e, nesta segunda-feira (17), inicia a vacina\u00e7\u00e3o de novos grupos, seguindo o Plano Nacional de Imuniza\u00e7\u00e3o.<\/p>\n\n\n\n<p>Ser\u00e3o vacinados integrantes das For\u00e7as Armadas, trabalhadores do Transporte Coletivo Rodovi\u00e1rios de Passageiros, do Transporte Ferrovi\u00e1rio, do Transporte A\u00e9reo, do Transporte Aquavi\u00e1rio, portu\u00e1rios e caminhoneiros.<\/p>\n\n\n\n<p>A imuniza\u00e7\u00e3o acontecer\u00e1 das 9h \u00e0s 16h, nos oito pontos de vacina\u00e7\u00e3o distribu\u00eddos pela cidade, que s\u00e3o drive-thru do estacionamento de Jaragu\u00e1, drive-thru da sede da Justi\u00e7a Federal (Serraria), Shopping Macei\u00f3 (Mangabeiras), Shopping P\u00e1tio e Pra\u00e7a Tiradentes (Benedito Bentes), terminal do Conjunto Osman Loureiro, Pap\u00f3dromo (Vergel) e \u00e1rea externa do Gin\u00e1sio Arivaldo Maia (Jacintinho).<\/p>\n\n\n\n<p><strong>Documenta\u00e7\u00e3o necess\u00e1ria<\/strong><\/p>\n\n\n\n<p>Al\u00e9m de documento com foto e CPF, as categorias precisam apresentar original e c\u00f3pia que comprove o desempenho da fun\u00e7\u00e3o em Macei\u00f3.<\/p>\n\n\n\n<p><strong>For\u00e7as Armadas<\/strong><\/p>\n\n\n\n<p>Membros ATIVOS das For\u00e7as Armadas (Marinha, Ex\u00e9rcito e Aeron\u00e1utica)<\/p>\n\n\n\n<p>Original e C\u00f3pia de Contracheque ou da declara\u00e7\u00e3o emitida pelo servi\u00e7o em que est\u00e1 atuando (Marinha, Ex\u00e9rcito e Aeron\u00e1utica) em Macei\u00f3.<\/p>\n\n\n\n<p><strong>Trabalhadores de Transporte Coletivo Rodovi\u00e1rio de Passageiros Urbano e de Longo Curso<\/strong><\/p>\n\n\n\n<p><strong>Motoristas e cobradores<\/strong>&nbsp;de transporte coletivo rodovi\u00e1rio de passageiros.<\/p>\n\n\n\n<p>Original e C\u00f3pia de Contracheque ou da declara\u00e7\u00e3o emitida pelo servi\u00e7o em que atua no exerc\u00edcio efetivo da fun\u00e7\u00e3o de cobrador ou motorista profissional do transporte de passageiros em Macei\u00f3<\/p>\n\n\n\n<p><strong>Trabalhadores de Transporte Metrovi\u00e1rio e Ferrovi\u00e1rio<\/strong><\/p>\n\n\n\n<p>Funcion\u00e1rios das empresas metroferrovi\u00e1rias de passageiros e de cargas.<\/p>\n\n\n\n<p>Original e C\u00f3pia de Contracheque ou da declara\u00e7\u00e3o emitida pelo servi\u00e7o em que atua como trabalhador empregado de empresas metroferrovi\u00e1rias de passageiros e de cargas em Macei\u00f3<\/p>\n\n\n\n<p><strong>Trabalhadores de Transporte A\u00e9reo<\/strong><\/p>\n\n\n\n<p>Funcion\u00e1rios das companhias a\u00e9reas nacionais, definidos pelo Decreto n\u00ba 1.232\/1962 e pela Lei n\u00ba 13.475\/2017 e funcion\u00e1rios dos aeroportos e dos servi\u00e7os auxiliares ao transporte a\u00e9reo (aeroportu\u00e1rios).<\/p>\n\n\n\n<p>Original e C\u00f3pia de Contracheque ou da declara\u00e7\u00e3o emitida pelo servi\u00e7o em que atua como trabalhador empregado de companhias a\u00e9reas nacionais situadas em Macei\u00f3, e aos demais o devido credenciamento aeroportu\u00e1rio v\u00e1lido, conforme o Decreto 7.168\/2010 e RBAC 107 da ANAC em Macei\u00f3<\/p>\n\n\n\n<p><strong>Trabalhadores Portu\u00e1rios<\/strong><\/p>\n\n\n\n<p>Qualquer trabalhador portu\u00e1rio, incluindo os funcion\u00e1rios da \u00e1rea administrativa.<\/p>\n\n\n\n<p>Original e C\u00f3pia de Contracheque + declara\u00e7\u00e3o emitida pelo servi\u00e7o em que atua no exerc\u00edcio efetivo da fun\u00e7\u00e3o de trabalhador portu\u00e1rio em Macei\u00f3. A declara\u00e7\u00e3o da empresa dever\u00e1 constar a vincula\u00e7\u00e3o da mesma junto ao Porto de Macei\u00f3<\/p>\n\n\n\n<p><strong>Caminhoneiros<\/strong><\/p>\n\n\n\n<p>Motorista de transporte rodovi\u00e1rio de cargas definido no art. 1\u00ba, II da Lei n\u00ba 13.103, de 2 de mar\u00e7o de 2015, que trata da regulamenta\u00e7\u00e3o da profiss\u00e3o de motorista.<\/p>\n\n\n\n<p>Original e C\u00f3pia de documento que comprove a condi\u00e7\u00e3o de caminhoneiro como:<\/p>\n\n\n\n<ul class=\"wp-block-list\"><li>Contracheque;<\/li><li>Declara\u00e7\u00e3o emitida pelo servi\u00e7o em que atua como trabalhador empregado em Macei\u00f3<\/li><li>Original e C\u00f3pia de Habilita\u00e7\u00e3o + documento que comprove o exerc\u00edcio efetivo da fun\u00e7\u00e3o de motorista profissional do transporte rodovi\u00e1rio de cargas (caminhoneiro) em Macei\u00f3<\/li><\/ul>\n\n\n\n<p><strong>Trabalhadores de Transporte Aquavi\u00e1rio<\/strong><\/p>\n\n\n\n<p>Funcion\u00e1rios das empresas brasileiras de navega\u00e7\u00e3o.<\/p>\n\n\n\n<p>Original e C\u00f3pia de Contracheque ou declara\u00e7\u00e3o emitida pelo servi\u00e7o em que atua como trabalhador empregado das empresas brasileiras de navega\u00e7\u00e3o em Macei\u00f3.<\/p>\n\n\n\n<p><strong>No caso dos trabalhadores ser\u00e3o contemplados todos os que atuam em Macei\u00f3<\/strong>.<\/p>\n\n\n\n<p>Todas as informa\u00e7\u00f5es referentes \u00e0 vacina\u00e7\u00e3o em Macei\u00f3 podem ser acessadas no site&nbsp;<a href=\"http:\/\/vacina.maceio.al.gov.br\/\" target=\"_blank\" rel=\"noreferrer noopener\">vacina.maceio.al.gov.br<\/a><\/p>\n","protected":false},"excerpt":{"rendered":"<p>Macei\u00f3 segue avan\u00e7ando na vacina\u00e7\u00e3o contra a covid-19 e, nesta segunda-feira (17), inicia a vacina\u00e7\u00e3o de novos<\/p>\n","protected":false},"author":1,"featured_media":14849,"comment_status":"open","ping_status":"open","sticky":false,"template":"","format":"standard","meta":{"footnotes":""},"categories":[4],"tags":[],"class_list":["post-14916","post","type-post","status-publish","format-standard","has-post-thumbnail","hentry","category-noticias"],"_links":{"self":[{"href":"https:\/\/4cantosalagoas.com.br\/portal\/wp-json\/wp\/v2\/posts\/14916","targetHints":{"allow":["GET"]}}],"collection":[{"href":"https:\/\/4cantosalagoas.com.br\/portal\/wp-json\/wp\/v2\/posts"}],"about":[{"href":"https:\/\/4cantosalagoas.com.br\/portal\/wp-json\/wp\/v2\/types\/post"}],"author":[{"embeddable":true,"href":"https:\/\/4cantosalagoas.com.br\/portal\/wp-json\/wp\/v2\/users\/1"}],"replies":[{"embeddable":true,"href":"https:\/\/4cantosalagoas.com.br\/portal\/wp-json\/wp\/v2\/comments?post=14916"}],"version-history":[{"count":1,"href":"https:\/\/4cantosalagoas.com.br\/portal\/wp-json\/wp\/v2\/posts\/14916\/revisions"}],"predecessor-version":[{"id":14917,"href":"https:\/\/4cantosalagoas.com.br\/portal\/wp-json\/wp\/v2\/posts\/14916\/revisions\/14917"}],"wp:featuredmedia":[{"embeddable":true,"href":"https:\/\/4cantosalagoas.com.br\/portal\/wp-json\/wp\/v2\/media\/14849"}],"wp:attachment":[{"href":"https:\/\/4cantosalagoas.com.br\/portal\/wp-json\/wp\/v2\/media?parent=14916"}],"wp:term":[{"taxonomy":"category","embeddable":true,"href":"https:\/\/4cantosalagoas.com.br\/portal\/wp-json\/wp\/v2\/categories?post=14916"},{"taxonomy":"post_tag","embeddable":true,"href":"https:\/\/4cantosalagoas.com.br\/portal\/wp-json\/wp\/v2\/tags?post=14916"}],"curies":[{"name":"wp","href":"https:\/\/api.w.org\/{rel}","templated":true}]}}