{"id":14851,"date":"2021-05-10T18:18:48","date_gmt":"2021-05-10T21:18:48","guid":{"rendered":"http:\/\/4cantosalagoas.com.br\/portal\/?p=14851"},"modified":"2021-05-10T18:18:52","modified_gmt":"2021-05-10T21:18:52","slug":"foragido-ha-30-anos-por-homicidio-homem-e-preso-em-delmiro-gouveia-pela-policia-civil","status":"publish","type":"post","link":"https:\/\/4cantosalagoas.com.br\/portal\/foragido-ha-30-anos-por-homicidio-homem-e-preso-em-delmiro-gouveia-pela-policia-civil\/","title":{"rendered":"Foragido h\u00e1 30 anos por homic\u00eddio, homem \u00e9 preso em Delmiro Gouveia pela Pol\u00edcia Civil"},"content":{"rendered":"\n<figure class=\"wp-block-image\"><img fetchpriority=\"high\" decoding=\"async\" width=\"859\" height=\"783\" src=\"http:\/\/4cantosalagoas.com.br\/portal\/wp-content\/uploads\/2020\/02\/pc.jpg\" alt=\"\" class=\"wp-image-10283\" srcset=\"https:\/\/4cantosalagoas.com.br\/portal\/wp-content\/uploads\/2020\/02\/pc.jpg 859w, https:\/\/4cantosalagoas.com.br\/portal\/wp-content\/uploads\/2020\/02\/pc-300x273.jpg 300w, https:\/\/4cantosalagoas.com.br\/portal\/wp-content\/uploads\/2020\/02\/pc-768x700.jpg 768w\" sizes=\"(max-width: 859px) 100vw, 859px\" \/><figcaption>Policia Civil Assessoria<\/figcaption><\/figure>\n\n\n\n<p>Policiais civis da Delegacia Regional de Delmiro Gouveia, sob o comando do delegado Rodrigo Cavalcanti, prenderam, nesta segunda-feira (10), um homem que estava foragido por um crime de homic\u00eddio praticado h\u00e1 30 anos no Sert\u00e3o de Alagoas.<\/p>\n\n\n\n<p>De acordo com o delegado, o preso, de 56 anos, matou a tiros um vizinho ap\u00f3s uma discuss\u00e3o, na localidade denominadas Serra dos Vit\u00f3rios, no munic\u00edpio de \u00c1gua Branca, no ano de 1991. \u201c<\/p>\n\n\n\n<p>\u201cAp\u00f3s o crime ele fugiu. Nosso servi\u00e7o de intelig\u00eancia descobriu que ele retornou do Estado de S\u00e3o Paulo e estava escondido numa casa alugada no Bairro Novo, no munic\u00edpio de Delmiro Gouveia. Fomos at\u00e9 l\u00e1 e efetuamos a pris\u00e3o dele\u201d, disse o delegado<\/p>\n\n\n\n<p>O preso foi conduzido para a sede da Delegacia Regional de Delmiro Gouveia para a confec\u00e7\u00e3o dos procedimentos cab\u00edveis. \u201cPelo crime ele ir\u00e1 cumprir 9 anos e tr\u00eas meses de reclus\u00e3o\u201d, frisou a autoridade policial.<\/p>\n\n\n\n<p>O delegado Regional, Rodrigo Cavalcanti, destacou o apoio do gerente de Pol\u00edcia Judici\u00e1ria da Regi\u00e3o 4 (GPJ 4), delegado C\u00edcero Lima, nas a\u00e7\u00f5es de combater \u00e0 criminalidade na regi\u00e3o<\/p>\n\n\n\n<p>Assessoria<\/p>\n","protected":false},"excerpt":{"rendered":"<p>Policiais civis da Delegacia Regional de Delmiro Gouveia, sob o comando do delegado Rodrigo Cavalcanti, prenderam, nesta<\/p>\n","protected":false},"author":1,"featured_media":10283,"comment_status":"open","ping_status":"open","sticky":false,"template":"","format":"standard","meta":{"footnotes":""},"categories":[60],"tags":[],"class_list":["post-14851","post","type-post","status-publish","format-standard","has-post-thumbnail","hentry","category-capa"],"_links":{"self":[{"href":"https:\/\/4cantosalagoas.com.br\/portal\/wp-json\/wp\/v2\/posts\/14851","targetHints":{"allow":["GET"]}}],"collection":[{"href":"https:\/\/4cantosalagoas.com.br\/portal\/wp-json\/wp\/v2\/posts"}],"about":[{"href":"https:\/\/4cantosalagoas.com.br\/portal\/wp-json\/wp\/v2\/types\/post"}],"author":[{"embeddable":true,"href":"https:\/\/4cantosalagoas.com.br\/portal\/wp-json\/wp\/v2\/users\/1"}],"replies":[{"embeddable":true,"href":"https:\/\/4cantosalagoas.com.br\/portal\/wp-json\/wp\/v2\/comments?post=14851"}],"version-history":[{"count":1,"href":"https:\/\/4cantosalagoas.com.br\/portal\/wp-json\/wp\/v2\/posts\/14851\/revisions"}],"predecessor-version":[{"id":14852,"href":"https:\/\/4cantosalagoas.com.br\/portal\/wp-json\/wp\/v2\/posts\/14851\/revisions\/14852"}],"wp:featuredmedia":[{"embeddable":true,"href":"https:\/\/4cantosalagoas.com.br\/portal\/wp-json\/wp\/v2\/media\/10283"}],"wp:attachment":[{"href":"https:\/\/4cantosalagoas.com.br\/portal\/wp-json\/wp\/v2\/media?parent=14851"}],"wp:term":[{"taxonomy":"category","embeddable":true,"href":"https:\/\/4cantosalagoas.com.br\/portal\/wp-json\/wp\/v2\/categories?post=14851"},{"taxonomy":"post_tag","embeddable":true,"href":"https:\/\/4cantosalagoas.com.br\/portal\/wp-json\/wp\/v2\/tags?post=14851"}],"curies":[{"name":"wp","href":"https:\/\/api.w.org\/{rel}","templated":true}]}}