{"id":14829,"date":"2021-05-06T18:25:48","date_gmt":"2021-05-06T21:25:48","guid":{"rendered":"http:\/\/4cantosalagoas.com.br\/portal\/?p=14829"},"modified":"2021-05-06T18:25:52","modified_gmt":"2021-05-06T21:25:52","slug":"mercado-da-producao-fecha-na-proxima-segunda-feira-10-para-mutirao-de-limpeza","status":"publish","type":"post","link":"https:\/\/4cantosalagoas.com.br\/portal\/mercado-da-producao-fecha-na-proxima-segunda-feira-10-para-mutirao-de-limpeza\/","title":{"rendered":"Mercado da Produ\u00e7\u00e3o fecha na pr\u00f3xima segunda-feira (10) para mutir\u00e3o de limpeza"},"content":{"rendered":"\n<figure class=\"wp-block-image\"><img fetchpriority=\"high\" decoding=\"async\" width=\"1536\" height=\"1024\" src=\"https:\/\/i2.wp.com\/4cantosalagoas.com.br\/portal\/wp-content\/uploads\/2021\/05\/mercado-especial-victor1.jpg?fit=1024%2C683\" alt=\"\" class=\"wp-image-14830\" srcset=\"https:\/\/4cantosalagoas.com.br\/portal\/wp-content\/uploads\/2021\/05\/mercado-especial-victor1.jpg 1536w, https:\/\/4cantosalagoas.com.br\/portal\/wp-content\/uploads\/2021\/05\/mercado-especial-victor1-300x200.jpg 300w, https:\/\/4cantosalagoas.com.br\/portal\/wp-content\/uploads\/2021\/05\/mercado-especial-victor1-768x512.jpg 768w, https:\/\/4cantosalagoas.com.br\/portal\/wp-content\/uploads\/2021\/05\/mercado-especial-victor1-1024x683.jpg 1024w\" sizes=\"(max-width: 1536px) 100vw, 1536px\" \/><figcaption> <br><em>Mercado da Produ\u00e7\u00e3o vai receber terceiro mutir\u00e3o de limpeza este ano \/ Foto: Victor Vercant\/Secom Macei\u00f3<\/em> <\/figcaption><\/figure>\n\n\n\n<p>O Mercado da Produ\u00e7\u00e3o, no bairro da Levada, recebe mais um mutir\u00e3o de limpeza e higieniza\u00e7\u00e3o na pr\u00f3xima segunda-feira (10). Ser\u00e1 a terceira vez que o local passa por esse tipo de a\u00e7\u00e3o s\u00f3 este ano, o que garante um ambiente mais confort\u00e1vel aos comerciantes e consumidores.<\/p>\n\n\n\n<p>Em visita ao espa\u00e7o nesta quinta (6), representantes das secretarias envolvidas no grupo de trabalho respons\u00e1vel pelos mutir\u00f5es determinaram o n\u00famero de equipes necess\u00e1rias para o servi\u00e7o e decidiram reduzir de dois para um dia. Isso foi poss\u00edvel porque o local j\u00e1 recebeu diversas benfeitorias do Munic\u00edpio durante a atual gest\u00e3o e a limpeza poder\u00e1 ser feita de forma mais r\u00e1pida.<\/p>\n\n\n\n<p>De acordo com o diretor de Abastecimento da Secretaria Municipal de Trabalho, Abastecimento e Economia Solid\u00e1ria (Semtabes), Nivaldo J\u00fanior, ser\u00e3o tr\u00eas equipes de limpeza e lavagem da Secretaria de Desenvolvimento Sustent\u00e1vel (Sudes), sendo uma interna e duas externas, e uma equipe da empresa terceirizada contratada pela Prefeitura tamb\u00e9m na \u00e1rea interna.<\/p>\n\n\n\n<p>A Sudes tamb\u00e9m ir\u00e1 dispor de dois caminh\u00f5es-pipa e ca\u00e7ambas para o recolhimento de entulhos no entorno.<\/p>\n\n\n\n<p>J\u00e1 a Secretaria Municipal de Infraestrutura (Seminfra) vai iniciar a limpeza das galerias da parte de tr\u00e1s do Mercado, onde est\u00e3o instaladas algumas barracas. Na vistoria, os representantes do GT j\u00e1 solicitaram a retirada dos equipamentos no domingo para viabilizar o trabalho na segunda-feira.<\/p>\n\n\n\n<p>Esse ser\u00e1 o segundo mutir\u00e3o semanal promovido pela Prefeitura de Macei\u00f3 nos mercados p\u00fablicos desde que o prefeito JHC determinou que a a\u00e7\u00e3o seja permanente. O primeiro ocorreu no Jacintinho e, na sequ\u00eancia, ser\u00e3o beneficiados os do Tabuleiro e Benedito Bentes.<\/p>\n\n\n\n<p><strong>Confira o calend\u00e1rio de maio:<\/strong><\/p>\n\n\n\n<ul class=\"wp-block-list\"><li>Segunda (10), Mercado da Produ\u00e7\u00e3o<\/li><li>Segunda (17) e ter\u00e7a (18), Mercado e Feirinha do Tabuleiro<\/li><li>Segunda (24), Mercado do Benedito Bentes<\/li><li><\/li><\/ul>\n","protected":false},"excerpt":{"rendered":"<p>O Mercado da Produ\u00e7\u00e3o, no bairro da Levada, recebe mais um mutir\u00e3o de limpeza e higieniza\u00e7\u00e3o na<\/p>\n","protected":false},"author":1,"featured_media":14830,"comment_status":"open","ping_status":"open","sticky":false,"template":"","format":"standard","meta":{"footnotes":""},"categories":[5],"tags":[],"class_list":["post-14829","post","type-post","status-publish","format-standard","has-post-thumbnail","hentry","category-maceio"],"_links":{"self":[{"href":"https:\/\/4cantosalagoas.com.br\/portal\/wp-json\/wp\/v2\/posts\/14829","targetHints":{"allow":["GET"]}}],"collection":[{"href":"https:\/\/4cantosalagoas.com.br\/portal\/wp-json\/wp\/v2\/posts"}],"about":[{"href":"https:\/\/4cantosalagoas.com.br\/portal\/wp-json\/wp\/v2\/types\/post"}],"author":[{"embeddable":true,"href":"https:\/\/4cantosalagoas.com.br\/portal\/wp-json\/wp\/v2\/users\/1"}],"replies":[{"embeddable":true,"href":"https:\/\/4cantosalagoas.com.br\/portal\/wp-json\/wp\/v2\/comments?post=14829"}],"version-history":[{"count":1,"href":"https:\/\/4cantosalagoas.com.br\/portal\/wp-json\/wp\/v2\/posts\/14829\/revisions"}],"predecessor-version":[{"id":14831,"href":"https:\/\/4cantosalagoas.com.br\/portal\/wp-json\/wp\/v2\/posts\/14829\/revisions\/14831"}],"wp:featuredmedia":[{"embeddable":true,"href":"https:\/\/4cantosalagoas.com.br\/portal\/wp-json\/wp\/v2\/media\/14830"}],"wp:attachment":[{"href":"https:\/\/4cantosalagoas.com.br\/portal\/wp-json\/wp\/v2\/media?parent=14829"}],"wp:term":[{"taxonomy":"category","embeddable":true,"href":"https:\/\/4cantosalagoas.com.br\/portal\/wp-json\/wp\/v2\/categories?post=14829"},{"taxonomy":"post_tag","embeddable":true,"href":"https:\/\/4cantosalagoas.com.br\/portal\/wp-json\/wp\/v2\/tags?post=14829"}],"curies":[{"name":"wp","href":"https:\/\/api.w.org\/{rel}","templated":true}]}}